{"id":7793,"date":"2025-04-08T09:55:23","date_gmt":"2025-04-08T07:55:23","guid":{"rendered":"https:\/\/www.futurefilmfestival.it\/?p=7793"},"modified":"2025-04-08T10:33:31","modified_gmt":"2025-04-08T08:33:31","slug":"animated-shorts-in-competition-every-day-from-april-9-to-13","status":"publish","type":"post","link":"https:\/\/www.futurefilmfestival.it\/en\/animated-shorts-in-competition-every-day-from-april-9-to-13\/","title":{"rendered":"Animated Shorts in Competition"},"content":{"rendered":"<p class=\"\" data-start=\"141\" data-end=\"372\">From <strong data-start=\"146\" data-end=\"163\">April 9 to 13<\/strong>, the <strong data-start=\"169\" data-end=\"185\">Small Lounge<\/strong> at 24Frame Future Film Festival becomes a window onto the world of contemporary animation, hosting a curated selection of <strong data-start=\"308\" data-end=\"347\">animated short films in competition<\/strong> from across the globe.<\/p>\n<p data-start=\"141\" data-end=\"372\"><!--more--><\/p>\n<p class=\"\" data-start=\"374\" data-end=\"599\">Every day, from <strong data-start=\"390\" data-end=\"413\">10:00 AM to 8:00 PM<\/strong>, festival visitors will have the chance to discover <strong data-start=\"466\" data-end=\"491\">innovative techniques<\/strong>, <strong data-start=\"493\" data-end=\"518\">original storytelling<\/strong>, and the <strong data-start=\"528\" data-end=\"550\">distinctive voices<\/strong> of emerging and established animation talents.<\/p>\n<p class=\"\" data-start=\"737\" data-end=\"855\">Don\u2019t miss this daily journey into animated creativity \u2014 a perfect blend of imagination, experimentation, and emotion.<\/p>\n<p class=\"\" data-start=\"737\" data-end=\"855\"><strong>Free Admission<\/strong><br \/>\n<strong data-start=\"115\" data-end=\"135\"><br \/>\nSHORTS PROGRAM 1<\/strong><br data-start=\"135\" data-end=\"138\" \/><em data-start=\"138\" data-end=\"177\">As if the earth had swallowed them up<\/em> by Natalia Le\u00f3n (France, 2024) 14\u2032<br data-start=\"212\" data-end=\"215\" \/><em data-start=\"215\" data-end=\"230\">Cosmic Dreams<\/em> by Gustavo da Luz (Portugal, 2024) 10\u2032<br data-start=\"269\" data-end=\"272\" \/><em data-start=\"272\" data-end=\"287\">Ordinary Life<\/em> by Yoriko Mizushiri (France, 2025) 9\u201948\u201d<br data-start=\"328\" data-end=\"331\" \/><em data-start=\"331\" data-end=\"343\">PIXEL TRIP<\/em> by Julian Manzelli (Argentina, 2025) 5\u201930\u201d<br data-start=\"386\" data-end=\"389\" \/><em data-start=\"389\" data-end=\"416\">The Old Man and The Robot<\/em> by Callum Scott-Dyson (UK, 2025) 10\u2032<br data-start=\"453\" data-end=\"456\" \/><em data-start=\"456\" data-end=\"486\">CNESST \u2013 Hanging By A Thread<\/em> by Dale Hayward (Canada, 2024) 1\u2032<br data-start=\"520\" data-end=\"523\" \/><em data-start=\"523\" data-end=\"544\">Swimming With Wings<\/em> by Daphna Awadish Golan (Netherlands, 2023) 10\u201946\u201d<br data-start=\"595\" data-end=\"598\" \/><em data-start=\"598\" data-end=\"607\">Autokar<\/em> by Sylwia Szki\u0142\u0105d\u017a (Belgium, 2025) 17\u2032<br data-start=\"646\" data-end=\"649\" \/><em data-start=\"649\" data-end=\"671\">Uncertified Document<\/em> by Nahee Jang, Ximing Li, Ying Wan, Hao Wang (France, 2024) 6\u201947\u201d<br data-start=\"737\" data-end=\"740\" \/><em data-start=\"740\" data-end=\"747\">Pader<\/em> by Jean Verg\u00e9 (France, 2024) 8\u201925\u201d<\/p>\n<p class=\"\" data-start=\"786\" data-end=\"1464\"><strong data-start=\"786\" data-end=\"806\">SHORTS PROGRAM 2<\/strong><br data-start=\"806\" data-end=\"809\" \/><em data-start=\"809\" data-end=\"838\">Girls are made to make love<\/em> by Jeanne Paturle, C\u00e9cile Rousset, Jeanne Drouet (France, 2024) 15\u201949\u201d<br data-start=\"909\" data-end=\"912\" \/><em data-start=\"912\" data-end=\"960\">Socially approved positions of bodies in space<\/em> by Lera Oleynikova (Russia, 2024) 3\u201936\u201d<br data-start=\"1000\" data-end=\"1003\" \/><em data-start=\"1003\" data-end=\"1010\">TO BE<\/em> by Maurizio Forestioeri (Italy, 2024) 35\u2032<br data-start=\"1052\" data-end=\"1055\" \/><em data-start=\"1055\" data-end=\"1083\">There\u2019s no place like home<\/em> by Laverve [Marco Libardi] (Italy, 2025) 10\u201910\u201d<br data-start=\"1131\" data-end=\"1134\" \/><em data-start=\"1134\" data-end=\"1149\">Family Dinner<\/em> by Margot Fabre (Canada, 2024) 1\u2032<br data-start=\"1183\" data-end=\"1186\" \/><em data-start=\"1186\" data-end=\"1194\">Ambush<\/em> by XI Chengzhuo (France, 2024) 4\u201903\u201d<br data-start=\"1231\" data-end=\"1234\" \/><em data-start=\"1234\" data-end=\"1247\">Zombie Ship<\/em> by Art Borowiec (Poland, Spain 2025) 7\u201932\u201d<br data-start=\"1290\" data-end=\"1293\" \/><em data-start=\"1293\" data-end=\"1303\">Brush me<\/em> by Nikolaus Jantsch (Austria, 2024) 2\u2032<br data-start=\"1342\" data-end=\"1345\" \/><em data-start=\"1345\" data-end=\"1367\">The Knots of Destiny<\/em> by D\u00e9borah Chang (France, 2024) 7\u201931\u201d<br data-start=\"1405\" data-end=\"1408\" \/><em data-start=\"1408\" data-end=\"1426\">My Shadow and Me<\/em> by Yali Herbet (Israel, 2024) 3\u201952\u201d<\/p>\n<p class=\"\" data-start=\"1466\" data-end=\"2075\"><strong data-start=\"1466\" data-end=\"1486\">SHORTS PROGRAM 3<\/strong><br data-start=\"1486\" data-end=\"1489\" \/><em data-start=\"1489\" data-end=\"1514\">I Dream Of Cities Often<\/em> by Maciek St\u0119pniewski (Poland, 2024) 13\u201943\u201d<br data-start=\"1558\" data-end=\"1561\" \/><em data-start=\"1561\" data-end=\"1579\">Wander to Wonder<\/em> by Nina Gantz (Netherlands, 2023) 13\u201950\u201d<br data-start=\"1620\" data-end=\"1623\" \/><em data-start=\"1623\" data-end=\"1642\">The Juice Pirates<\/em> by Emily Kapikyan (UK, 2025) 3\u2032<br data-start=\"1674\" data-end=\"1677\" \/><em data-start=\"1677\" data-end=\"1704\">K\u2019uchu: A childhood place<\/em> by Alessio Del Pozo Temoche (Peru, 2025) 11\u201954\u201d<br data-start=\"1752\" data-end=\"1755\" \/><em data-start=\"1755\" data-end=\"1775\">The Homework Thief<\/em> by Yaya Huang (UK, 2024) 9\u201915\u201d<br data-start=\"1806\" data-end=\"1809\" \/><em data-start=\"1809\" data-end=\"1815\">Maya<\/em> by Shwarna Reka Prabhu (India, 2024) 17\u201955\u201d<br data-start=\"1859\" data-end=\"1862\" \/><em data-start=\"1862\" data-end=\"1872\">Consuelo<\/em> by Alicia Fern\u00e1ndez Cona (Chile, 2025) 2\u201953\u201d<br data-start=\"1917\" data-end=\"1920\" \/><em data-start=\"1920\" data-end=\"1935\">Sfondo Giallo<\/em> by Federico Vallarino (Italy, 2024) 2\u201948\u201d<br data-start=\"1977\" data-end=\"1980\" \/><em data-start=\"1980\" data-end=\"2002\">Tribute to Nosferatu<\/em> by Simona Bursi (Italy, 2024) 4\u201909\u201d<br data-start=\"2038\" data-end=\"2041\" \/><em data-start=\"2041\" data-end=\"2048\">TRANS<\/em> by \u5973\u5c3c\u5b50 (Japan, 2025) 12\u2032<\/p>\n<p class=\"\" data-start=\"2077\" data-end=\"2712\"><strong data-start=\"2077\" data-end=\"2097\">SHORTS PROGRAM 4<\/strong><br data-start=\"2097\" data-end=\"2100\" \/><em data-start=\"2100\" data-end=\"2115\">The Threshold<\/em> by Walter Rastelli (Italy, 2024) 40\u2032<br data-start=\"2152\" data-end=\"2155\" \/><em data-start=\"2155\" data-end=\"2170\">Flow of Being<\/em> by Helen Unt (Estonia, 2024) 11\u201911\u201d<br data-start=\"2206\" data-end=\"2209\" \/><em data-start=\"2209\" data-end=\"2224\">The Butterfly<\/em> by Yoan Segot (UK, 2024) 3\u201907\u201d<br data-start=\"2255\" data-end=\"2258\" \/><em data-start=\"2258\" data-end=\"2270\">The Search<\/em> by Oguzhan Basyayla (Turkey, 2025) 3\u201943\u201d<br data-start=\"2311\" data-end=\"2314\" \/><em data-start=\"2314\" data-end=\"2329\">The green ray<\/em> by Louis Fourel (France, 2024) 10\u201915\u201d<br data-start=\"2367\" data-end=\"2370\" \/><em data-start=\"2370\" data-end=\"2392\">Where Did The Day Go<\/em> by Carlo Oppermann (Germany, 2024) 1\u2032<br data-start=\"2430\" data-end=\"2433\" \/><em data-start=\"2433\" data-end=\"2461\">Thoughts during meditation<\/em> by Thomas Costa Fret\u00e9 (Sweden, 2024) 4\u201925\u201d<br data-start=\"2504\" data-end=\"2507\" \/><em data-start=\"2507\" data-end=\"2519\">CLICK HERE<\/em> by Evie Hurst (UK, 2024) 2\u201923\u201d<br data-start=\"2550\" data-end=\"2553\" \/><em data-start=\"2553\" data-end=\"2561\">Yellow<\/em> by David Xavier Baldoni (Italy, 2024) 3\u2032<br data-start=\"2602\" data-end=\"2605\" \/><em data-start=\"2605\" data-end=\"2614\">The Top<\/em> by Luigi Ricca (Italy, 2025) 2\u201923\u201d<br data-start=\"2649\" data-end=\"2652\" \/><em data-start=\"2652\" data-end=\"2667\">Feet in water<\/em> by \u00c9lo\u00efc Gimenez Yoon (France, 2024) 9\u201923\u201d<\/p>\n<p class=\"\" data-start=\"2714\" data-end=\"3306\"><strong data-start=\"2714\" data-end=\"2734\">SHORTS PROGRAM 5<\/strong><br data-start=\"2734\" data-end=\"2737\" \/><em data-start=\"2737\" data-end=\"2757\">The Golem\u2019s Return<\/em> by Nathan Meltz (USA, 2025) 8\u201924\u201d<br data-start=\"2791\" data-end=\"2794\" \/><em data-start=\"2794\" data-end=\"2815\">The salami sandwich<\/em> by Clarisa Lea Place (Argentina, 2024) 7\u201925\u201d<br data-start=\"2860\" data-end=\"2863\" \/><em data-start=\"2863\" data-end=\"2869\">Dark<\/em> by Paola Luciani (Italy, 2025) 4\u2032<br data-start=\"2903\" data-end=\"2906\" \/><em data-start=\"2906\" data-end=\"2931\">Conversation in the Car<\/em> by Julie Liang (USA, 2024) 5\u2032<br data-start=\"2961\" data-end=\"2964\" \/><em data-start=\"2964\" data-end=\"2972\">BRICKS<\/em> by Alonso Flores San Mart\u00edn (Chile, 2024) 3\u201925\u201d<br data-start=\"3020\" data-end=\"3023\" \/><em data-start=\"3023\" data-end=\"3044\">This tooth is mine!<\/em> by Qianai LIN, Yiqian MA (China, 2024) 7\u201908\u201d<br data-start=\"3089\" data-end=\"3092\" \/><em data-start=\"3092\" data-end=\"3109\">Nothing Special<\/em> by Efrat Berger (France, 2024) 14\u2032<br data-start=\"3144\" data-end=\"3147\" \/><em data-start=\"3147\" data-end=\"3156\">Lunatic<\/em> by Robin Noorda (Netherlands, 2024) 16\u2032<br data-start=\"3196\" data-end=\"3199\" \/><em data-start=\"3199\" data-end=\"3207\">Swifts<\/em> by Ada Napiorkowski (Estonia, 2024) 5\u2032<br data-start=\"3246\" data-end=\"3249\" \/><em data-start=\"3249\" data-end=\"3270\">Black (out) &amp; white<\/em> by Gianni Zauli (Italy, 2025) 10\u2032<\/p>\n","protected":false},"excerpt":{"rendered":"<p>From April 9 to 13, the Small Lounge at 24Frame Future Film Festival becomes a window onto the world of contemporary animation, hosting a curated selection of animated short films in competition from across the globe.<\/p>\n","protected":false},"author":6,"featured_media":7794,"comment_status":"closed","ping_status":"closed","sticky":false,"template":"","format":"standard","meta":{"footnotes":""},"categories":[2],"tags":[],"class_list":["post-7793","post","type-post","status-publish","format-standard","has-post-thumbnail","hentry","category-news"],"acf":[],"yoast_head":"<!-- This site is optimized with the Yoast SEO plugin v26.3 - https:\/\/yoast.com\/wordpress\/plugins\/seo\/ -->\n<title>Animated Shorts in Competition - Future Film Festival<\/title>\n<meta name=\"description\" content=\"From April 9 to 13, the Small Lounge hosts a curated selection of animated shorts in competition from around the world.\" \/>\n<meta name=\"robots\" content=\"index, follow, max-snippet:-1, max-image-preview:large, max-video-preview:-1\" \/>\n<link rel=\"canonical\" href=\"https:\/\/www.futurefilmfestival.it\/en\/animated-shorts-in-competition-every-day-from-april-9-to-13\/\" \/>\n<meta property=\"og:locale\" content=\"en_US\" \/>\n<meta property=\"og:type\" content=\"article\" \/>\n<meta property=\"og:title\" content=\"Animated Shorts in Competition - Future Film Festival\" \/>\n<meta property=\"og:description\" content=\"From April 9 to 13, the Small Lounge hosts a curated selection of animated shorts in competition from around the world.\" \/>\n<meta property=\"og:url\" content=\"https:\/\/www.futurefilmfestival.it\/en\/animated-shorts-in-competition-every-day-from-april-9-to-13\/\" \/>\n<meta property=\"og:site_name\" content=\"Future Film Festival\" \/>\n<meta property=\"article:published_time\" content=\"2025-04-08T07:55:23+00:00\" \/>\n<meta property=\"article:modified_time\" content=\"2025-04-08T08:33:31+00:00\" \/>\n<meta property=\"og:image\" content=\"https:\/\/www.futurefilmfestival.it\/wp-content\/uploads\/2025\/04\/corti.png\" \/>\n\t<meta property=\"og:image:width\" content=\"1080\" \/>\n\t<meta property=\"og:image:height\" content=\"1350\" \/>\n\t<meta property=\"og:image:type\" content=\"image\/png\" \/>\n<meta name=\"author\" content=\"Marco Vidale\" \/>\n<meta name=\"twitter:card\" content=\"summary_large_image\" \/>\n<meta name=\"twitter:label1\" content=\"Written by\" \/>\n\t<meta name=\"twitter:data1\" content=\"Marco Vidale\" \/>\n\t<meta name=\"twitter:label2\" content=\"Est. reading time\" \/>\n\t<meta name=\"twitter:data2\" content=\"4 minutes\" \/>\n<script type=\"application\/ld+json\" class=\"yoast-schema-graph\">{\"@context\":\"https:\/\/schema.org\",\"@graph\":[{\"@type\":\"Article\",\"@id\":\"https:\/\/www.futurefilmfestival.it\/en\/animated-shorts-in-competition-every-day-from-april-9-to-13\/#article\",\"isPartOf\":{\"@id\":\"https:\/\/www.futurefilmfestival.it\/en\/animated-shorts-in-competition-every-day-from-april-9-to-13\/\"},\"author\":{\"name\":\"Marco Vidale\",\"@id\":\"https:\/\/www.futurefilmfestival.it\/it\/#\/schema\/person\/c2f69aef4b1e1d80d043f8f525bc46eb\"},\"headline\":\"Animated Shorts in Competition\",\"datePublished\":\"2025-04-08T07:55:23+00:00\",\"dateModified\":\"2025-04-08T08:33:31+00:00\",\"mainEntityOfPage\":{\"@id\":\"https:\/\/www.futurefilmfestival.it\/en\/animated-shorts-in-competition-every-day-from-april-9-to-13\/\"},\"wordCount\":479,\"publisher\":{\"@id\":\"https:\/\/www.futurefilmfestival.it\/it\/#organization\"},\"image\":{\"@id\":\"https:\/\/www.futurefilmfestival.it\/en\/animated-shorts-in-competition-every-day-from-april-9-to-13\/#primaryimage\"},\"thumbnailUrl\":\"https:\/\/www.futurefilmfestival.it\/wp-content\/uploads\/2025\/04\/corti.png\",\"articleSection\":[\"News\"],\"inLanguage\":\"en-US\"},{\"@type\":\"WebPage\",\"@id\":\"https:\/\/www.futurefilmfestival.it\/en\/animated-shorts-in-competition-every-day-from-april-9-to-13\/\",\"url\":\"https:\/\/www.futurefilmfestival.it\/en\/animated-shorts-in-competition-every-day-from-april-9-to-13\/\",\"name\":\"Animated Shorts in Competition - Future Film Festival\",\"isPartOf\":{\"@id\":\"https:\/\/www.futurefilmfestival.it\/it\/#website\"},\"primaryImageOfPage\":{\"@id\":\"https:\/\/www.futurefilmfestival.it\/en\/animated-shorts-in-competition-every-day-from-april-9-to-13\/#primaryimage\"},\"image\":{\"@id\":\"https:\/\/www.futurefilmfestival.it\/en\/animated-shorts-in-competition-every-day-from-april-9-to-13\/#primaryimage\"},\"thumbnailUrl\":\"https:\/\/www.futurefilmfestival.it\/wp-content\/uploads\/2025\/04\/corti.png\",\"datePublished\":\"2025-04-08T07:55:23+00:00\",\"dateModified\":\"2025-04-08T08:33:31+00:00\",\"description\":\"From April 9 to 13, the Small Lounge hosts a curated selection of animated shorts in competition from around the world.\",\"breadcrumb\":{\"@id\":\"https:\/\/www.futurefilmfestival.it\/en\/animated-shorts-in-competition-every-day-from-april-9-to-13\/#breadcrumb\"},\"inLanguage\":\"en-US\",\"potentialAction\":[{\"@type\":\"ReadAction\",\"target\":[\"https:\/\/www.futurefilmfestival.it\/en\/animated-shorts-in-competition-every-day-from-april-9-to-13\/\"]}]},{\"@type\":\"ImageObject\",\"inLanguage\":\"en-US\",\"@id\":\"https:\/\/www.futurefilmfestival.it\/en\/animated-shorts-in-competition-every-day-from-april-9-to-13\/#primaryimage\",\"url\":\"https:\/\/www.futurefilmfestival.it\/wp-content\/uploads\/2025\/04\/corti.png\",\"contentUrl\":\"https:\/\/www.futurefilmfestival.it\/wp-content\/uploads\/2025\/04\/corti.png\",\"width\":1080,\"height\":1350},{\"@type\":\"BreadcrumbList\",\"@id\":\"https:\/\/www.futurefilmfestival.it\/en\/animated-shorts-in-competition-every-day-from-april-9-to-13\/#breadcrumb\",\"itemListElement\":[{\"@type\":\"ListItem\",\"position\":1,\"name\":\"Home\",\"item\":\"https:\/\/www.futurefilmfestival.it\/en\/home\/\"},{\"@type\":\"ListItem\",\"position\":2,\"name\":\"Animated Shorts in Competition\"}]},{\"@type\":\"WebSite\",\"@id\":\"https:\/\/www.futurefilmfestival.it\/it\/#website\",\"url\":\"https:\/\/www.futurefilmfestival.it\/it\/\",\"name\":\"Future Film Festival\",\"description\":\"\",\"publisher\":{\"@id\":\"https:\/\/www.futurefilmfestival.it\/it\/#organization\"},\"potentialAction\":[{\"@type\":\"SearchAction\",\"target\":{\"@type\":\"EntryPoint\",\"urlTemplate\":\"https:\/\/www.futurefilmfestival.it\/it\/?s={search_term_string}\"},\"query-input\":{\"@type\":\"PropertyValueSpecification\",\"valueRequired\":true,\"valueName\":\"search_term_string\"}}],\"inLanguage\":\"en-US\"},{\"@type\":\"Organization\",\"@id\":\"https:\/\/www.futurefilmfestival.it\/it\/#organization\",\"name\":\"Future Film Festival\",\"url\":\"https:\/\/www.futurefilmfestival.it\/it\/\",\"logo\":{\"@type\":\"ImageObject\",\"inLanguage\":\"en-US\",\"@id\":\"https:\/\/www.futurefilmfestival.it\/it\/#\/schema\/logo\/image\/\",\"url\":\"https:\/\/www.futurefilmfestival.it\/wp-content\/uploads\/2024\/05\/FFF2024-logo-positivo-RAPPR.jpg\",\"contentUrl\":\"https:\/\/www.futurefilmfestival.it\/wp-content\/uploads\/2024\/05\/FFF2024-logo-positivo-RAPPR.jpg\",\"width\":1200,\"height\":675,\"caption\":\"Future Film Festival\"},\"image\":{\"@id\":\"https:\/\/www.futurefilmfestival.it\/it\/#\/schema\/logo\/image\/\"}},{\"@type\":\"Person\",\"@id\":\"https:\/\/www.futurefilmfestival.it\/it\/#\/schema\/person\/c2f69aef4b1e1d80d043f8f525bc46eb\",\"name\":\"Marco Vidale\",\"image\":{\"@type\":\"ImageObject\",\"inLanguage\":\"en-US\",\"@id\":\"https:\/\/www.futurefilmfestival.it\/it\/#\/schema\/person\/image\/\",\"url\":\"https:\/\/secure.gravatar.com\/avatar\/aee5a7a817c7325ad3db2391ce3bc929?s=96&d=mm&r=g\",\"contentUrl\":\"https:\/\/secure.gravatar.com\/avatar\/aee5a7a817c7325ad3db2391ce3bc929?s=96&d=mm&r=g\",\"caption\":\"Marco Vidale\"}}]}<\/script>\n<!-- \/ Yoast SEO plugin. -->","yoast_head_json":{"title":"Animated Shorts in Competition - Future Film Festival","description":"From April 9 to 13, the Small Lounge hosts a curated selection of animated shorts in competition from around the world.","robots":{"index":"index","follow":"follow","max-snippet":"max-snippet:-1","max-image-preview":"max-image-preview:large","max-video-preview":"max-video-preview:-1"},"canonical":"https:\/\/www.futurefilmfestival.it\/en\/animated-shorts-in-competition-every-day-from-april-9-to-13\/","og_locale":"en_US","og_type":"article","og_title":"Animated Shorts in Competition - Future Film Festival","og_description":"From April 9 to 13, the Small Lounge hosts a curated selection of animated shorts in competition from around the world.","og_url":"https:\/\/www.futurefilmfestival.it\/en\/animated-shorts-in-competition-every-day-from-april-9-to-13\/","og_site_name":"Future Film Festival","article_published_time":"2025-04-08T07:55:23+00:00","article_modified_time":"2025-04-08T08:33:31+00:00","og_image":[{"width":1080,"height":1350,"url":"https:\/\/www.futurefilmfestival.it\/wp-content\/uploads\/2025\/04\/corti.png","type":"image\/png"}],"author":"Marco Vidale","twitter_card":"summary_large_image","twitter_misc":{"Written by":"Marco Vidale","Est. reading time":"4 minutes"},"schema":{"@context":"https:\/\/schema.org","@graph":[{"@type":"Article","@id":"https:\/\/www.futurefilmfestival.it\/en\/animated-shorts-in-competition-every-day-from-april-9-to-13\/#article","isPartOf":{"@id":"https:\/\/www.futurefilmfestival.it\/en\/animated-shorts-in-competition-every-day-from-april-9-to-13\/"},"author":{"name":"Marco Vidale","@id":"https:\/\/www.futurefilmfestival.it\/it\/#\/schema\/person\/c2f69aef4b1e1d80d043f8f525bc46eb"},"headline":"Animated Shorts in Competition","datePublished":"2025-04-08T07:55:23+00:00","dateModified":"2025-04-08T08:33:31+00:00","mainEntityOfPage":{"@id":"https:\/\/www.futurefilmfestival.it\/en\/animated-shorts-in-competition-every-day-from-april-9-to-13\/"},"wordCount":479,"publisher":{"@id":"https:\/\/www.futurefilmfestival.it\/it\/#organization"},"image":{"@id":"https:\/\/www.futurefilmfestival.it\/en\/animated-shorts-in-competition-every-day-from-april-9-to-13\/#primaryimage"},"thumbnailUrl":"https:\/\/www.futurefilmfestival.it\/wp-content\/uploads\/2025\/04\/corti.png","articleSection":["News"],"inLanguage":"en-US"},{"@type":"WebPage","@id":"https:\/\/www.futurefilmfestival.it\/en\/animated-shorts-in-competition-every-day-from-april-9-to-13\/","url":"https:\/\/www.futurefilmfestival.it\/en\/animated-shorts-in-competition-every-day-from-april-9-to-13\/","name":"Animated Shorts in Competition - Future Film Festival","isPartOf":{"@id":"https:\/\/www.futurefilmfestival.it\/it\/#website"},"primaryImageOfPage":{"@id":"https:\/\/www.futurefilmfestival.it\/en\/animated-shorts-in-competition-every-day-from-april-9-to-13\/#primaryimage"},"image":{"@id":"https:\/\/www.futurefilmfestival.it\/en\/animated-shorts-in-competition-every-day-from-april-9-to-13\/#primaryimage"},"thumbnailUrl":"https:\/\/www.futurefilmfestival.it\/wp-content\/uploads\/2025\/04\/corti.png","datePublished":"2025-04-08T07:55:23+00:00","dateModified":"2025-04-08T08:33:31+00:00","description":"From April 9 to 13, the Small Lounge hosts a curated selection of animated shorts in competition from around the world.","breadcrumb":{"@id":"https:\/\/www.futurefilmfestival.it\/en\/animated-shorts-in-competition-every-day-from-april-9-to-13\/#breadcrumb"},"inLanguage":"en-US","potentialAction":[{"@type":"ReadAction","target":["https:\/\/www.futurefilmfestival.it\/en\/animated-shorts-in-competition-every-day-from-april-9-to-13\/"]}]},{"@type":"ImageObject","inLanguage":"en-US","@id":"https:\/\/www.futurefilmfestival.it\/en\/animated-shorts-in-competition-every-day-from-april-9-to-13\/#primaryimage","url":"https:\/\/www.futurefilmfestival.it\/wp-content\/uploads\/2025\/04\/corti.png","contentUrl":"https:\/\/www.futurefilmfestival.it\/wp-content\/uploads\/2025\/04\/corti.png","width":1080,"height":1350},{"@type":"BreadcrumbList","@id":"https:\/\/www.futurefilmfestival.it\/en\/animated-shorts-in-competition-every-day-from-april-9-to-13\/#breadcrumb","itemListElement":[{"@type":"ListItem","position":1,"name":"Home","item":"https:\/\/www.futurefilmfestival.it\/en\/home\/"},{"@type":"ListItem","position":2,"name":"Animated Shorts in Competition"}]},{"@type":"WebSite","@id":"https:\/\/www.futurefilmfestival.it\/it\/#website","url":"https:\/\/www.futurefilmfestival.it\/it\/","name":"Future Film Festival","description":"","publisher":{"@id":"https:\/\/www.futurefilmfestival.it\/it\/#organization"},"potentialAction":[{"@type":"SearchAction","target":{"@type":"EntryPoint","urlTemplate":"https:\/\/www.futurefilmfestival.it\/it\/?s={search_term_string}"},"query-input":{"@type":"PropertyValueSpecification","valueRequired":true,"valueName":"search_term_string"}}],"inLanguage":"en-US"},{"@type":"Organization","@id":"https:\/\/www.futurefilmfestival.it\/it\/#organization","name":"Future Film Festival","url":"https:\/\/www.futurefilmfestival.it\/it\/","logo":{"@type":"ImageObject","inLanguage":"en-US","@id":"https:\/\/www.futurefilmfestival.it\/it\/#\/schema\/logo\/image\/","url":"https:\/\/www.futurefilmfestival.it\/wp-content\/uploads\/2024\/05\/FFF2024-logo-positivo-RAPPR.jpg","contentUrl":"https:\/\/www.futurefilmfestival.it\/wp-content\/uploads\/2024\/05\/FFF2024-logo-positivo-RAPPR.jpg","width":1200,"height":675,"caption":"Future Film Festival"},"image":{"@id":"https:\/\/www.futurefilmfestival.it\/it\/#\/schema\/logo\/image\/"}},{"@type":"Person","@id":"https:\/\/www.futurefilmfestival.it\/it\/#\/schema\/person\/c2f69aef4b1e1d80d043f8f525bc46eb","name":"Marco Vidale","image":{"@type":"ImageObject","inLanguage":"en-US","@id":"https:\/\/www.futurefilmfestival.it\/it\/#\/schema\/person\/image\/","url":"https:\/\/secure.gravatar.com\/avatar\/aee5a7a817c7325ad3db2391ce3bc929?s=96&d=mm&r=g","contentUrl":"https:\/\/secure.gravatar.com\/avatar\/aee5a7a817c7325ad3db2391ce3bc929?s=96&d=mm&r=g","caption":"Marco Vidale"}}]}},"_links":{"self":[{"href":"https:\/\/www.futurefilmfestival.it\/en\/wp-json\/wp\/v2\/posts\/7793","targetHints":{"allow":["GET"]}}],"collection":[{"href":"https:\/\/www.futurefilmfestival.it\/en\/wp-json\/wp\/v2\/posts"}],"about":[{"href":"https:\/\/www.futurefilmfestival.it\/en\/wp-json\/wp\/v2\/types\/post"}],"author":[{"embeddable":true,"href":"https:\/\/www.futurefilmfestival.it\/en\/wp-json\/wp\/v2\/users\/6"}],"replies":[{"embeddable":true,"href":"https:\/\/www.futurefilmfestival.it\/en\/wp-json\/wp\/v2\/comments?post=7793"}],"version-history":[{"count":3,"href":"https:\/\/www.futurefilmfestival.it\/en\/wp-json\/wp\/v2\/posts\/7793\/revisions"}],"predecessor-version":[{"id":7816,"href":"https:\/\/www.futurefilmfestival.it\/en\/wp-json\/wp\/v2\/posts\/7793\/revisions\/7816"}],"wp:featuredmedia":[{"embeddable":true,"href":"https:\/\/www.futurefilmfestival.it\/en\/wp-json\/wp\/v2\/media\/7794"}],"wp:attachment":[{"href":"https:\/\/www.futurefilmfestival.it\/en\/wp-json\/wp\/v2\/media?parent=7793"}],"wp:term":[{"taxonomy":"category","embeddable":true,"href":"https:\/\/www.futurefilmfestival.it\/en\/wp-json\/wp\/v2\/categories?post=7793"},{"taxonomy":"post_tag","embeddable":true,"href":"https:\/\/www.futurefilmfestival.it\/en\/wp-json\/wp\/v2\/tags?post=7793"}],"curies":[{"name":"wp","href":"https:\/\/api.w.org\/{rel}","templated":true}]}}