{"id":1358,"date":"2022-05-06T10:05:05","date_gmt":"2022-05-06T08:05:05","guid":{"rendered":"https:\/\/www.futurefilmfestival.it\/?p=1358"},"modified":"2023-02-14T10:54:55","modified_gmt":"2023-02-14T09:54:55","slug":"pablo-echaurren-argilla-di-stella","status":"publish","type":"post","link":"https:\/\/www.futurefilmfestival.it\/it\/pablo-echaurren-argilla-di-stella\/","title":{"rendered":"2002<br\/>PABLO ECHAURREN &#8211; Argilla di stella"},"content":{"rendered":"<section class=\"wpb-content-wrapper\">[vc_row][vc_column][vc_column_text]<!--more--><\/p>\n<p>Che cosa c\u2019entra una stella di terracotta con le nuove e pi\u00f9 innovative tecnologie digitali e quindi con il Future Film Festival?<\/p>\n<p>Vi sembra che non c\u2019entri nulla? E invece \u00e8 proprio <strong>Argilla di Stella<\/strong> di <strong>Pablo Echaurren<\/strong> a rappresentare il FFF2002 perch\u00e9 come sostiene l\u2019autore: \u201cla ceramica, la terracotta sembra il materiale pi\u00f9 fragile, pi\u00f9 deperibile, meno deputata a raffigurare l&#8217;idea di futuro. Ma invece, paradossalmente, \u00e8 uno dei materiali che si trasporta nel futuro pi\u00f9 di qualsiasi altro: ci sono intere civilt\u00e0 di cui si ignora tutto, salvo magari un vasetto rimasto. Quindi si pu\u00f2 dire che l&#8217;argilla rappresenta il futuro del passato.\u201d<br \/>\nEcco quindi il FFF2002 proiettarsi nel futuro sotto la sua buona stella che gli indica la strada della commistione tra i vari media e della contaminazione tra stili diversi, tra alto e basso, tra colto e popolare, tra serio e faceto.<\/p>\n<p>Pable Echaurren\u00a0(1951, Roma) dal 1972 ha esposto in numerose Gallerie e luoghi espositivi nazionali e internazionali tra cui Galleria Schwarz di Basilea, Marian Locks Gallery di Philadelphia, Galerie Springer di Berlino, Galleria La Margherita di Roma, Lens Fine Art di Anversa, Palazzo delle Esposizioni di Roma, Galleria Corraini di Mantova.<\/p>\n<p>\u201cChiss\u00e0 se la nostra stella historiata riuscir\u00e0 a viaggiare nel tempo, a surfeggiare sulle onde cronospaziali, a scavalcare i marosi dei secoli invidiosi che non lasciano trapelare troppe informazioni sul passato remoto che un d\u00ec saremo noi, quien sabe?\u201d<\/p>\n<p>Pablo Echaurren[\/vc_column_text][\/vc_column][\/vc_row]\n<\/section>","protected":false},"excerpt":{"rendered":"<p>[vc_row][vc_column][vc_column_text]<\/p>\n","protected":false},"author":1,"featured_media":1305,"comment_status":"closed","ping_status":"closed","sticky":false,"template":"templates\/template-artisti-2-colonne.php","format":"standard","meta":{"footnotes":""},"categories":[57],"tags":[],"class_list":["post-1358","post","type-post","status-publish","format-standard","has-post-thumbnail","hentry","category-gli-artisti-del-festival"],"acf":[],"yoast_head":"<!-- This site is optimized with the Yoast SEO plugin v26.3 - https:\/\/yoast.com\/wordpress\/plugins\/seo\/ -->\n<title>PABLO ECHAURREN - Argilla di stella - 24FRAME Future Film Fest<\/title>\n<meta name=\"robots\" content=\"index, follow, max-snippet:-1, max-image-preview:large, max-video-preview:-1\" \/>\n<link rel=\"canonical\" href=\"https:\/\/www.futurefilmfestival.it\/it\/pablo-echaurren-argilla-di-stella\/\" \/>\n<meta property=\"og:locale\" content=\"it_IT\" \/>\n<meta property=\"og:type\" content=\"article\" \/>\n<meta property=\"og:title\" content=\"PABLO ECHAURREN - Argilla di stella - 24FRAME Future Film Fest\" \/>\n<meta property=\"og:description\" content=\"[vc_row][vc_column][vc_column_text]\" \/>\n<meta property=\"og:url\" content=\"https:\/\/www.futurefilmfestival.it\/it\/pablo-echaurren-argilla-di-stella\/\" \/>\n<meta property=\"og:site_name\" content=\"24FRAME Future Film Fest\" \/>\n<meta property=\"article:published_time\" content=\"2022-05-06T08:05:05+00:00\" \/>\n<meta property=\"article:modified_time\" content=\"2023-02-14T09:54:55+00:00\" \/>\n<meta property=\"og:image\" content=\"https:\/\/www.futurefilmfestival.it\/wp-content\/uploads\/2022\/05\/FFF2002.jpg\" \/>\n\t<meta property=\"og:image:width\" content=\"2000\" \/>\n\t<meta property=\"og:image:height\" content=\"1249\" \/>\n\t<meta property=\"og:image:type\" content=\"image\/jpeg\" \/>\n<meta name=\"author\" content=\"ManticaUsr\" \/>\n<meta name=\"twitter:card\" content=\"summary_large_image\" \/>\n<meta name=\"twitter:label1\" content=\"Scritto da\" \/>\n\t<meta name=\"twitter:data1\" content=\"ManticaUsr\" \/>\n\t<meta name=\"twitter:label2\" content=\"Tempo di lettura stimato\" \/>\n\t<meta name=\"twitter:data2\" content=\"1 minuto\" \/>\n<script type=\"application\/ld+json\" class=\"yoast-schema-graph\">{\"@context\":\"https:\/\/schema.org\",\"@graph\":[{\"@type\":\"Article\",\"@id\":\"https:\/\/www.futurefilmfestival.it\/it\/pablo-echaurren-argilla-di-stella\/#article\",\"isPartOf\":{\"@id\":\"https:\/\/www.futurefilmfestival.it\/it\/pablo-echaurren-argilla-di-stella\/\"},\"author\":{\"name\":\"ManticaUsr\",\"@id\":\"https:\/\/www.futurefilmfestival.it\/it\/#\/schema\/person\/ec5fb022cf3f21cf2d3e14c1fbe594a0\"},\"headline\":\"2002 PABLO ECHAURREN &#8211; Argilla di stella\",\"datePublished\":\"2022-05-06T08:05:05+00:00\",\"dateModified\":\"2023-02-14T09:54:55+00:00\",\"mainEntityOfPage\":{\"@id\":\"https:\/\/www.futurefilmfestival.it\/it\/pablo-echaurren-argilla-di-stella\/\"},\"wordCount\":259,\"publisher\":{\"@id\":\"https:\/\/www.futurefilmfestival.it\/it\/#organization\"},\"image\":{\"@id\":\"https:\/\/www.futurefilmfestival.it\/it\/pablo-echaurren-argilla-di-stella\/#primaryimage\"},\"thumbnailUrl\":\"https:\/\/www.futurefilmfestival.it\/wp-content\/uploads\/2022\/05\/FFF2002.jpg\",\"articleSection\":[\"Gli Artisti del Festival\"],\"inLanguage\":\"it-IT\"},{\"@type\":\"WebPage\",\"@id\":\"https:\/\/www.futurefilmfestival.it\/it\/pablo-echaurren-argilla-di-stella\/\",\"url\":\"https:\/\/www.futurefilmfestival.it\/it\/pablo-echaurren-argilla-di-stella\/\",\"name\":\"PABLO ECHAURREN - Argilla di stella - 24FRAME Future Film Fest\",\"isPartOf\":{\"@id\":\"https:\/\/www.futurefilmfestival.it\/it\/#website\"},\"primaryImageOfPage\":{\"@id\":\"https:\/\/www.futurefilmfestival.it\/it\/pablo-echaurren-argilla-di-stella\/#primaryimage\"},\"image\":{\"@id\":\"https:\/\/www.futurefilmfestival.it\/it\/pablo-echaurren-argilla-di-stella\/#primaryimage\"},\"thumbnailUrl\":\"https:\/\/www.futurefilmfestival.it\/wp-content\/uploads\/2022\/05\/FFF2002.jpg\",\"datePublished\":\"2022-05-06T08:05:05+00:00\",\"dateModified\":\"2023-02-14T09:54:55+00:00\",\"breadcrumb\":{\"@id\":\"https:\/\/www.futurefilmfestival.it\/it\/pablo-echaurren-argilla-di-stella\/#breadcrumb\"},\"inLanguage\":\"it-IT\",\"potentialAction\":[{\"@type\":\"ReadAction\",\"target\":[\"https:\/\/www.futurefilmfestival.it\/it\/pablo-echaurren-argilla-di-stella\/\"]}]},{\"@type\":\"ImageObject\",\"inLanguage\":\"it-IT\",\"@id\":\"https:\/\/www.futurefilmfestival.it\/it\/pablo-echaurren-argilla-di-stella\/#primaryimage\",\"url\":\"https:\/\/www.futurefilmfestival.it\/wp-content\/uploads\/2022\/05\/FFF2002.jpg\",\"contentUrl\":\"https:\/\/www.futurefilmfestival.it\/wp-content\/uploads\/2022\/05\/FFF2002.jpg\",\"width\":2000,\"height\":1249},{\"@type\":\"BreadcrumbList\",\"@id\":\"https:\/\/www.futurefilmfestival.it\/it\/pablo-echaurren-argilla-di-stella\/#breadcrumb\",\"itemListElement\":[{\"@type\":\"ListItem\",\"position\":1,\"name\":\"Home\",\"item\":\"https:\/\/www.futurefilmfestival.it\/it\/home\/\"},{\"@type\":\"ListItem\",\"position\":2,\"name\":\"PABLO ECHAURREN &#8211; Argilla di stella\"}]},{\"@type\":\"WebSite\",\"@id\":\"https:\/\/www.futurefilmfestival.it\/it\/#website\",\"url\":\"https:\/\/www.futurefilmfestival.it\/it\/\",\"name\":\"24FRAME Future Film Fest\",\"description\":\"\",\"publisher\":{\"@id\":\"https:\/\/www.futurefilmfestival.it\/it\/#organization\"},\"potentialAction\":[{\"@type\":\"SearchAction\",\"target\":{\"@type\":\"EntryPoint\",\"urlTemplate\":\"https:\/\/www.futurefilmfestival.it\/it\/?s={search_term_string}\"},\"query-input\":{\"@type\":\"PropertyValueSpecification\",\"valueRequired\":true,\"valueName\":\"search_term_string\"}}],\"inLanguage\":\"it-IT\"},{\"@type\":\"Organization\",\"@id\":\"https:\/\/www.futurefilmfestival.it\/it\/#organization\",\"name\":\"24FRAME Future Film Fest\",\"url\":\"https:\/\/www.futurefilmfestival.it\/it\/\",\"logo\":{\"@type\":\"ImageObject\",\"inLanguage\":\"it-IT\",\"@id\":\"https:\/\/www.futurefilmfestival.it\/it\/#\/schema\/logo\/image\/\",\"url\":\"https:\/\/www.futurefilmfestival.it\/wp-content\/uploads\/2024\/05\/FFF2024-logo-positivo-RAPPR.jpg\",\"contentUrl\":\"https:\/\/www.futurefilmfestival.it\/wp-content\/uploads\/2024\/05\/FFF2024-logo-positivo-RAPPR.jpg\",\"width\":1200,\"height\":675,\"caption\":\"24FRAME Future Film Fest\"},\"image\":{\"@id\":\"https:\/\/www.futurefilmfestival.it\/it\/#\/schema\/logo\/image\/\"}},{\"@type\":\"Person\",\"@id\":\"https:\/\/www.futurefilmfestival.it\/it\/#\/schema\/person\/ec5fb022cf3f21cf2d3e14c1fbe594a0\",\"name\":\"ManticaUsr\",\"image\":{\"@type\":\"ImageObject\",\"inLanguage\":\"it-IT\",\"@id\":\"https:\/\/www.futurefilmfestival.it\/it\/#\/schema\/person\/image\/\",\"url\":\"https:\/\/secure.gravatar.com\/avatar\/7494dd58351e4e23b9dc8a6cec61c3ff?s=96&d=mm&r=g\",\"contentUrl\":\"https:\/\/secure.gravatar.com\/avatar\/7494dd58351e4e23b9dc8a6cec61c3ff?s=96&d=mm&r=g\",\"caption\":\"ManticaUsr\"},\"sameAs\":[\"https:\/\/sito-fff.manticasolution.com\"]}]}<\/script>\n<!-- \/ Yoast SEO plugin. -->","yoast_head_json":{"title":"PABLO ECHAURREN - Argilla di stella - 24FRAME Future Film Fest","robots":{"index":"index","follow":"follow","max-snippet":"max-snippet:-1","max-image-preview":"max-image-preview:large","max-video-preview":"max-video-preview:-1"},"canonical":"https:\/\/www.futurefilmfestival.it\/it\/pablo-echaurren-argilla-di-stella\/","og_locale":"it_IT","og_type":"article","og_title":"PABLO ECHAURREN - Argilla di stella - 24FRAME Future Film Fest","og_description":"[vc_row][vc_column][vc_column_text]","og_url":"https:\/\/www.futurefilmfestival.it\/it\/pablo-echaurren-argilla-di-stella\/","og_site_name":"24FRAME Future Film Fest","article_published_time":"2022-05-06T08:05:05+00:00","article_modified_time":"2023-02-14T09:54:55+00:00","og_image":[{"width":2000,"height":1249,"url":"https:\/\/www.futurefilmfestival.it\/wp-content\/uploads\/2022\/05\/FFF2002.jpg","type":"image\/jpeg"}],"author":"ManticaUsr","twitter_card":"summary_large_image","twitter_misc":{"Scritto da":"ManticaUsr","Tempo di lettura stimato":"1 minuto"},"schema":{"@context":"https:\/\/schema.org","@graph":[{"@type":"Article","@id":"https:\/\/www.futurefilmfestival.it\/it\/pablo-echaurren-argilla-di-stella\/#article","isPartOf":{"@id":"https:\/\/www.futurefilmfestival.it\/it\/pablo-echaurren-argilla-di-stella\/"},"author":{"name":"ManticaUsr","@id":"https:\/\/www.futurefilmfestival.it\/it\/#\/schema\/person\/ec5fb022cf3f21cf2d3e14c1fbe594a0"},"headline":"2002 PABLO ECHAURREN &#8211; Argilla di stella","datePublished":"2022-05-06T08:05:05+00:00","dateModified":"2023-02-14T09:54:55+00:00","mainEntityOfPage":{"@id":"https:\/\/www.futurefilmfestival.it\/it\/pablo-echaurren-argilla-di-stella\/"},"wordCount":259,"publisher":{"@id":"https:\/\/www.futurefilmfestival.it\/it\/#organization"},"image":{"@id":"https:\/\/www.futurefilmfestival.it\/it\/pablo-echaurren-argilla-di-stella\/#primaryimage"},"thumbnailUrl":"https:\/\/www.futurefilmfestival.it\/wp-content\/uploads\/2022\/05\/FFF2002.jpg","articleSection":["Gli Artisti del Festival"],"inLanguage":"it-IT"},{"@type":"WebPage","@id":"https:\/\/www.futurefilmfestival.it\/it\/pablo-echaurren-argilla-di-stella\/","url":"https:\/\/www.futurefilmfestival.it\/it\/pablo-echaurren-argilla-di-stella\/","name":"PABLO ECHAURREN - Argilla di stella - 24FRAME Future Film Fest","isPartOf":{"@id":"https:\/\/www.futurefilmfestival.it\/it\/#website"},"primaryImageOfPage":{"@id":"https:\/\/www.futurefilmfestival.it\/it\/pablo-echaurren-argilla-di-stella\/#primaryimage"},"image":{"@id":"https:\/\/www.futurefilmfestival.it\/it\/pablo-echaurren-argilla-di-stella\/#primaryimage"},"thumbnailUrl":"https:\/\/www.futurefilmfestival.it\/wp-content\/uploads\/2022\/05\/FFF2002.jpg","datePublished":"2022-05-06T08:05:05+00:00","dateModified":"2023-02-14T09:54:55+00:00","breadcrumb":{"@id":"https:\/\/www.futurefilmfestival.it\/it\/pablo-echaurren-argilla-di-stella\/#breadcrumb"},"inLanguage":"it-IT","potentialAction":[{"@type":"ReadAction","target":["https:\/\/www.futurefilmfestival.it\/it\/pablo-echaurren-argilla-di-stella\/"]}]},{"@type":"ImageObject","inLanguage":"it-IT","@id":"https:\/\/www.futurefilmfestival.it\/it\/pablo-echaurren-argilla-di-stella\/#primaryimage","url":"https:\/\/www.futurefilmfestival.it\/wp-content\/uploads\/2022\/05\/FFF2002.jpg","contentUrl":"https:\/\/www.futurefilmfestival.it\/wp-content\/uploads\/2022\/05\/FFF2002.jpg","width":2000,"height":1249},{"@type":"BreadcrumbList","@id":"https:\/\/www.futurefilmfestival.it\/it\/pablo-echaurren-argilla-di-stella\/#breadcrumb","itemListElement":[{"@type":"ListItem","position":1,"name":"Home","item":"https:\/\/www.futurefilmfestival.it\/it\/home\/"},{"@type":"ListItem","position":2,"name":"PABLO ECHAURREN &#8211; Argilla di stella"}]},{"@type":"WebSite","@id":"https:\/\/www.futurefilmfestival.it\/it\/#website","url":"https:\/\/www.futurefilmfestival.it\/it\/","name":"24FRAME Future Film Fest","description":"","publisher":{"@id":"https:\/\/www.futurefilmfestival.it\/it\/#organization"},"potentialAction":[{"@type":"SearchAction","target":{"@type":"EntryPoint","urlTemplate":"https:\/\/www.futurefilmfestival.it\/it\/?s={search_term_string}"},"query-input":{"@type":"PropertyValueSpecification","valueRequired":true,"valueName":"search_term_string"}}],"inLanguage":"it-IT"},{"@type":"Organization","@id":"https:\/\/www.futurefilmfestival.it\/it\/#organization","name":"24FRAME Future Film Fest","url":"https:\/\/www.futurefilmfestival.it\/it\/","logo":{"@type":"ImageObject","inLanguage":"it-IT","@id":"https:\/\/www.futurefilmfestival.it\/it\/#\/schema\/logo\/image\/","url":"https:\/\/www.futurefilmfestival.it\/wp-content\/uploads\/2024\/05\/FFF2024-logo-positivo-RAPPR.jpg","contentUrl":"https:\/\/www.futurefilmfestival.it\/wp-content\/uploads\/2024\/05\/FFF2024-logo-positivo-RAPPR.jpg","width":1200,"height":675,"caption":"24FRAME Future Film Fest"},"image":{"@id":"https:\/\/www.futurefilmfestival.it\/it\/#\/schema\/logo\/image\/"}},{"@type":"Person","@id":"https:\/\/www.futurefilmfestival.it\/it\/#\/schema\/person\/ec5fb022cf3f21cf2d3e14c1fbe594a0","name":"ManticaUsr","image":{"@type":"ImageObject","inLanguage":"it-IT","@id":"https:\/\/www.futurefilmfestival.it\/it\/#\/schema\/person\/image\/","url":"https:\/\/secure.gravatar.com\/avatar\/7494dd58351e4e23b9dc8a6cec61c3ff?s=96&d=mm&r=g","contentUrl":"https:\/\/secure.gravatar.com\/avatar\/7494dd58351e4e23b9dc8a6cec61c3ff?s=96&d=mm&r=g","caption":"ManticaUsr"},"sameAs":["https:\/\/sito-fff.manticasolution.com"]}]}},"_links":{"self":[{"href":"https:\/\/www.futurefilmfestival.it\/it\/wp-json\/wp\/v2\/posts\/1358","targetHints":{"allow":["GET"]}}],"collection":[{"href":"https:\/\/www.futurefilmfestival.it\/it\/wp-json\/wp\/v2\/posts"}],"about":[{"href":"https:\/\/www.futurefilmfestival.it\/it\/wp-json\/wp\/v2\/types\/post"}],"author":[{"embeddable":true,"href":"https:\/\/www.futurefilmfestival.it\/it\/wp-json\/wp\/v2\/users\/1"}],"replies":[{"embeddable":true,"href":"https:\/\/www.futurefilmfestival.it\/it\/wp-json\/wp\/v2\/comments?post=1358"}],"version-history":[{"count":2,"href":"https:\/\/www.futurefilmfestival.it\/it\/wp-json\/wp\/v2\/posts\/1358\/revisions"}],"predecessor-version":[{"id":1370,"href":"https:\/\/www.futurefilmfestival.it\/it\/wp-json\/wp\/v2\/posts\/1358\/revisions\/1370"}],"wp:featuredmedia":[{"embeddable":true,"href":"https:\/\/www.futurefilmfestival.it\/it\/wp-json\/wp\/v2\/media\/1305"}],"wp:attachment":[{"href":"https:\/\/www.futurefilmfestival.it\/it\/wp-json\/wp\/v2\/media?parent=1358"}],"wp:term":[{"taxonomy":"category","embeddable":true,"href":"https:\/\/www.futurefilmfestival.it\/it\/wp-json\/wp\/v2\/categories?post=1358"},{"taxonomy":"post_tag","embeddable":true,"href":"https:\/\/www.futurefilmfestival.it\/it\/wp-json\/wp\/v2\/tags?post=1358"}],"curies":[{"name":"wp","href":"https:\/\/api.w.org\/{rel}","templated":true}]}}