{"id":526,"date":"2021-11-30T15:16:19","date_gmt":"2021-11-30T14:16:19","guid":{"rendered":"https:\/\/www.futurefilmfestival.it\/?p=526"},"modified":"2023-02-14T10:57:52","modified_gmt":"2023-02-14T09:57:52","slug":"il-future-film-festival-inizia-domani-e-parte-da-modena","status":"publish","type":"post","link":"https:\/\/www.futurefilmfestival.it\/it\/il-future-film-festival-inizia-domani-e-parte-da-modena\/","title":{"rendered":"Il Future Film Festival inizia domani e parte da Modena"},"content":{"rendered":"<h2><strong>Mercoled\u00ec 1 dicembre 2021 \u2013 Laboratorio Aperto, Modena<\/strong><\/h2>\n<p><img loading=\"lazy\" decoding=\"async\" class=\"wp-image-532 size-full\" src=\"https:\/\/www.futurefilmfestival.it\/wp-content\/uploads\/2021\/11\/2cba6646285611.584ee46c3777b.jpg\" alt=\"TILT BRUSH\" width=\"886\" height=\"333\" srcset=\"https:\/\/www.futurefilmfestival.it\/wp-content\/uploads\/2021\/11\/2cba6646285611.584ee46c3777b.jpg 886w, https:\/\/www.futurefilmfestival.it\/wp-content\/uploads\/2021\/11\/2cba6646285611.584ee46c3777b-300x113.jpg 300w, https:\/\/www.futurefilmfestival.it\/wp-content\/uploads\/2021\/11\/2cba6646285611.584ee46c3777b-768x289.jpg 768w\" sizes=\"auto, (max-width: 886px) 100vw, 886px\" \/><br \/>\n<!--more--><\/p>\n<p><strong>Galleria centrale, ore 16<\/strong><br \/>\n<strong>TILT BRUSH<\/strong><br \/>\nincontro con Mister Thoms<br \/>\nMister Thoms \u00e8 un artista e wall painter che trasforma facciate e luoghi diroccati in enormi character, sfruttando ogni caratteristica e tridimensionalit\u00e0. Mister Thoms \u00e8 tra gli artisti che lavora con Tilt Brush, il nuovo software di Google per la creazione di dipinti in tre dimensioni in realt\u00e0 virtuale. Applicando l\u2019animazione al wall painting, Mister Thoms crea fantastici mondi virtuali.<br \/>\n<strong>A seguire performance di Mister Thoms<\/strong><br \/>\n<em>Ingresso libero su prenotazione<\/em><\/p>\n<p><img loading=\"lazy\" decoding=\"async\" class=\"wp-image-530 size-full\" src=\"https:\/\/www.futurefilmfestival.it\/wp-content\/uploads\/2021\/11\/IMG_9634_copy.jpg\" alt=\"tilt brush vr\" width=\"900\" height=\"506\" srcset=\"https:\/\/www.futurefilmfestival.it\/wp-content\/uploads\/2021\/11\/IMG_9634_copy.jpg 900w, https:\/\/www.futurefilmfestival.it\/wp-content\/uploads\/2021\/11\/IMG_9634_copy-300x169.jpg 300w, https:\/\/www.futurefilmfestival.it\/wp-content\/uploads\/2021\/11\/IMG_9634_copy-768x432.jpg 768w\" sizes=\"auto, (max-width: 900px) 100vw, 900px\" \/><br \/>\n<strong>Galleria centrale + terrazza, ore 10-18<\/strong><br \/>\nNello spazio saranno a disposizione del pubblico visori per la VR per sperimentare il software Tilt Brush e le esperienze di gamification proposte.<br \/>\n<em>Ingresso libero<\/em><\/p>\n<p><img loading=\"lazy\" decoding=\"async\" class=\"wp-image-538 size-full\" src=\"https:\/\/www.futurefilmfestival.it\/wp-content\/uploads\/2021\/11\/Olivier-Mauco-2.jpg\" alt=\"GAME PROJECT\" width=\"1000\" height=\"666\" srcset=\"https:\/\/www.futurefilmfestival.it\/wp-content\/uploads\/2021\/11\/Olivier-Mauco-2.jpg 1000w, https:\/\/www.futurefilmfestival.it\/wp-content\/uploads\/2021\/11\/Olivier-Mauco-2-300x200.jpg 300w, https:\/\/www.futurefilmfestival.it\/wp-content\/uploads\/2021\/11\/Olivier-Mauco-2-768x511.jpg 768w\" sizes=\"auto, (max-width: 1000px) 100vw, 1000px\" \/><br \/>\n<strong>Lab Space, ore 10-12 e 14-18<\/strong><br \/>\n<strong>GAME PROJECT<\/strong><br \/>\nCome fare un game project negli ambiti di cultura, turismo, salute e training. Dall\u2019idea al pitch. Workshop a cura di Olivier Mauco, CEO di GameinSociety.<br \/>\n<em>Ingresso su iscrizione<\/em><\/p>\n<p><img loading=\"lazy\" decoding=\"async\" class=\"wp-image-536 size-full\" src=\"https:\/\/www.futurefilmfestival.it\/wp-content\/uploads\/2021\/11\/met5.jpeg\" alt=\"metacomix\" width=\"1280\" height=\"745\" srcset=\"https:\/\/www.futurefilmfestival.it\/wp-content\/uploads\/2021\/11\/met5.jpeg 1280w, https:\/\/www.futurefilmfestival.it\/wp-content\/uploads\/2021\/11\/met5-300x175.jpeg 300w, https:\/\/www.futurefilmfestival.it\/wp-content\/uploads\/2021\/11\/met5-1024x596.jpeg 1024w, https:\/\/www.futurefilmfestival.it\/wp-content\/uploads\/2021\/11\/met5-768x447.jpeg 768w, https:\/\/www.futurefilmfestival.it\/wp-content\/uploads\/2021\/11\/met5-1200x698.jpeg 1200w\" sizes=\"auto, (max-width: 1280px) 100vw, 1280px\" \/><br \/>\n<strong>Galleria centrale, ore 20,30<\/strong><br \/>\n<strong>LA NOTTE DEI CORTI D\u2019ANIMAZIONE<\/strong><br \/>\nDue ore non stop dei migliori corti selezionati al Future Film Festival 2021. Live performance: METACOMIX, un INSTANT FILM di BASMATI Video. Classici del fumetto reinterpretati in animazione in tempo reale. Musiche Roberto Agus \/Spillus remixed Basmati Video.<br \/>\n<em>Ingresso con biglietto, Pass e accredito<\/em><\/p>\n<h2><\/h2>\n<h2><strong>Gioved\u00ec 2 dicembre 2021 Laboratorio Aperto, Modena<\/strong><\/h2>\n<p><img loading=\"lazy\" decoding=\"async\" class=\"wp-image-542 size-full\" src=\"https:\/\/www.futurefilmfestival.it\/wp-content\/uploads\/2021\/11\/storyworld-spotlight-s1920x1920-q60.jpg\" alt=\"MODE ON: GAMIFICATION\" width=\"1920\" height=\"1080\" srcset=\"https:\/\/www.futurefilmfestival.it\/wp-content\/uploads\/2021\/11\/storyworld-spotlight-s1920x1920-q60.jpg 1920w, https:\/\/www.futurefilmfestival.it\/wp-content\/uploads\/2021\/11\/storyworld-spotlight-s1920x1920-q60-300x169.jpg 300w, https:\/\/www.futurefilmfestival.it\/wp-content\/uploads\/2021\/11\/storyworld-spotlight-s1920x1920-q60-1024x576.jpg 1024w, https:\/\/www.futurefilmfestival.it\/wp-content\/uploads\/2021\/11\/storyworld-spotlight-s1920x1920-q60-768x432.jpg 768w, https:\/\/www.futurefilmfestival.it\/wp-content\/uploads\/2021\/11\/storyworld-spotlight-s1920x1920-q60-1536x864.jpg 1536w, https:\/\/www.futurefilmfestival.it\/wp-content\/uploads\/2021\/11\/storyworld-spotlight-s1920x1920-q60-1200x675.jpg 1200w\" sizes=\"auto, (max-width: 1920px) 100vw, 1920px\" \/><br \/>\n<strong>Galleria centrale, ore 10<\/strong><br \/>\n<strong>MODE ON: GAMIFICATION<\/strong><br \/>\nConferenza sulla gamification, dalle esperienze italiane al Centre Pompidou di Parigi. Coordina il giornalista Maurizio di Fazio.<br \/>\nPartecipano:<br \/>\n<strong>Fabio Viola<\/strong>, docente ed esperto di gaming<br \/>\n<strong>Eleonora Cattogno<\/strong>, Fondazione Alghero Musei Eventi Turismo Alghero &#8211; progetto MED GAIMS &#8211; ENI CBC MED PROGRAMME 2014-2020<br \/>\n<strong>Olivier Mauco<\/strong>, CEO di GameinSociety<br \/>\n<strong>Alessandro Furlan<\/strong>, production manager di Altair4 Multimedia<br \/>\n<strong>Lara Oliveti<\/strong>, CEO di Melazeta<br \/>\n<strong>Maria Grazia Marini<\/strong>, dirigente Ufficio Redazione turistica ed eventi Comune di Ravenna per \u201cRavenna Hack the City\u201d<br \/>\n<strong>Antonella Guidazzoli<\/strong>, head of Visit Lab CINECA.<br \/>\n<em>Ingresso libero su prenotazione<\/em><\/p>\n<p><img loading=\"lazy\" decoding=\"async\" class=\"wp-image-530 size-full\" src=\"https:\/\/www.futurefilmfestival.it\/wp-content\/uploads\/2021\/11\/IMG_9634_copy.jpg\" alt=\"tilt brush vr\" width=\"900\" height=\"506\" srcset=\"https:\/\/www.futurefilmfestival.it\/wp-content\/uploads\/2021\/11\/IMG_9634_copy.jpg 900w, https:\/\/www.futurefilmfestival.it\/wp-content\/uploads\/2021\/11\/IMG_9634_copy-300x169.jpg 300w, https:\/\/www.futurefilmfestival.it\/wp-content\/uploads\/2021\/11\/IMG_9634_copy-768x432.jpg 768w\" sizes=\"auto, (max-width: 900px) 100vw, 900px\" \/><br \/>\n<strong>Galleria centrale + terrazza, ore 10-18<\/strong><br \/>\nNello spazio saranno a disposizione del pubblico visori per la VR per sperimentare il software Tilt Brush e le esperienze di gamification proposte.<br \/>\n<em>Ingresso libero<\/em><\/p>\n<p><img loading=\"lazy\" decoding=\"async\" class=\"wp-image-540 size-full\" src=\"https:\/\/www.futurefilmfestival.it\/wp-content\/uploads\/2021\/11\/portrait-mister-thoms.jpg\" alt=\"ESPERIENZA TILT BRUSH\" width=\"480\" height=\"600\" srcset=\"https:\/\/www.futurefilmfestival.it\/wp-content\/uploads\/2021\/11\/portrait-mister-thoms.jpg 480w, https:\/\/www.futurefilmfestival.it\/wp-content\/uploads\/2021\/11\/portrait-mister-thoms-240x300.jpg 240w\" sizes=\"auto, (max-width: 480px) 100vw, 480px\" \/><br \/>\n<strong>Lab Space, ore 14-18<\/strong><br \/>\n<strong>ESPERIENZA TILT BRUSH<\/strong> a cura di Mister Thoms.<br \/>\nSpiegazione del software, conoscenza degli strumenti e realizzazione di un artwork.<br \/>\n<em>Ingresso su iscrizione<\/em><\/p>\n<p><img loading=\"lazy\" decoding=\"async\" class=\"wp-image-551 size-full\" src=\"https:\/\/www.futurefilmfestival.it\/wp-content\/uploads\/2021\/11\/lhomme-qui-plantait-des-arbres-tt-width-1200-height-1067-crop-1-bgcolor-000000-01.jpg\" alt=\"lhomme-qui-plantait-des-arbres\" width=\"900\" height=\"508\" srcset=\"https:\/\/www.futurefilmfestival.it\/wp-content\/uploads\/2021\/11\/lhomme-qui-plantait-des-arbres-tt-width-1200-height-1067-crop-1-bgcolor-000000-01.jpg 900w, https:\/\/www.futurefilmfestival.it\/wp-content\/uploads\/2021\/11\/lhomme-qui-plantait-des-arbres-tt-width-1200-height-1067-crop-1-bgcolor-000000-01-300x169.jpg 300w, https:\/\/www.futurefilmfestival.it\/wp-content\/uploads\/2021\/11\/lhomme-qui-plantait-des-arbres-tt-width-1200-height-1067-crop-1-bgcolor-000000-01-768x433.jpg 768w\" sizes=\"auto, (max-width: 900px) 100vw, 900px\" \/><br \/>\n<strong>Galleria centrale, ore 20<\/strong><br \/>\n<strong>PIANO TERRA | GROUND FLOOR<\/strong><br \/>\nIl cinema d\u2019animazione indaga la crisi ambientale<br \/>\n<strong>L\u2019UOMO CHE PIANTAVA GLI ALBERI (L\u2019homme qui plantait des arbres) di Fr\u00e9d\u00e9ric Back, Canada, 1987, 30\u2019<\/strong><br \/>\nPresenta Davide Daniza Celli, scrittore, politico e attivista ambientalista.<br \/>\nIl film, basato sul racconto omonimo di Jean Giono pubblicato nel 1953, \u00e8 il frutto di cinque anni di lavoro dell\u2019artista, che realizz\u00f2 da solo tutti i disegni a mano, a matita, su fogli di acetato. Un uomo fa un\u2019escursione sulle montagne in una<br \/>\nzona di villaggi abbandonati, e l\u00e0 incontra Elz\u00e9ard Bouffier con il suo cane e il suo gregge. Elz\u00e9ard pian piano sveler\u00e0 il suo segreto, quello di una vita in solitaria scandita dalla piantumazione di alberi in quelle montagne desolate e tristi. Vincitore del Premio Oscar come miglior cortometraggio (1988), il film ha ricevuto una nomination per la Palma d\u2019Oro al Festival di Cannes, ha vinto il Premio per il miglior cortometraggio al Festival Internazionale del film d\u2019animazione di Annecy, \u00e8 stato vincitore al Festival Internazionale del cortometraggio di Clermont-Ferrand, all\u2019Hiroshima International Animation Festival e al Ottawa International Animation Festival.<br \/>\n<em>Ingresso con biglietto, Pass e accredito<\/em><\/p>\n","protected":false},"excerpt":{"rendered":"<p>Mercoled\u00ec 1 dicembre 2021 \u2013 Laboratorio Aperto, Modena<\/p>\n","protected":false},"author":3,"featured_media":556,"comment_status":"closed","ping_status":"closed","sticky":false,"template":"","format":"standard","meta":{"footnotes":""},"categories":[20],"tags":[],"class_list":["post-526","post","type-post","status-publish","format-standard","has-post-thumbnail","hentry","category-news-it"],"acf":[],"yoast_head":"<!-- This site is optimized with the Yoast SEO plugin v26.3 - https:\/\/yoast.com\/wordpress\/plugins\/seo\/ -->\n<title>Il Future Film Festival inizia domani e parte da Modena - 24FRAME Future Film Fest<\/title>\n<meta name=\"robots\" content=\"index, follow, max-snippet:-1, max-image-preview:large, max-video-preview:-1\" \/>\n<link rel=\"canonical\" href=\"https:\/\/www.futurefilmfestival.it\/it\/il-future-film-festival-inizia-domani-e-parte-da-modena\/\" \/>\n<meta property=\"og:locale\" content=\"it_IT\" \/>\n<meta property=\"og:type\" content=\"article\" \/>\n<meta property=\"og:title\" content=\"Il Future Film Festival inizia domani e parte da Modena - 24FRAME Future Film Fest\" \/>\n<meta property=\"og:description\" content=\"Mercoled\u00ec 1 dicembre 2021 \u2013 Laboratorio Aperto, Modena\" \/>\n<meta property=\"og:url\" content=\"https:\/\/www.futurefilmfestival.it\/it\/il-future-film-festival-inizia-domani-e-parte-da-modena\/\" \/>\n<meta property=\"og:site_name\" content=\"24FRAME Future Film Fest\" \/>\n<meta property=\"article:published_time\" content=\"2021-11-30T14:16:19+00:00\" \/>\n<meta property=\"article:modified_time\" content=\"2023-02-14T09:57:52+00:00\" \/>\n<meta property=\"og:image\" content=\"https:\/\/www.futurefilmfestival.it\/wp-content\/uploads\/2021\/11\/MicrosoftTeams-image-1-1.jpg\" \/>\n\t<meta property=\"og:image:width\" content=\"586\" \/>\n\t<meta property=\"og:image:height\" content=\"830\" \/>\n\t<meta property=\"og:image:type\" content=\"image\/jpeg\" \/>\n<meta name=\"author\" content=\"Francesca Campa\" \/>\n<meta name=\"twitter:card\" content=\"summary_large_image\" \/>\n<meta name=\"twitter:label1\" content=\"Scritto da\" \/>\n\t<meta name=\"twitter:data1\" content=\"Francesca Campa\" \/>\n\t<meta name=\"twitter:label2\" content=\"Tempo di lettura stimato\" \/>\n\t<meta name=\"twitter:data2\" content=\"5 minuti\" \/>\n<script type=\"application\/ld+json\" class=\"yoast-schema-graph\">{\"@context\":\"https:\/\/schema.org\",\"@graph\":[{\"@type\":\"Article\",\"@id\":\"https:\/\/www.futurefilmfestival.it\/it\/il-future-film-festival-inizia-domani-e-parte-da-modena\/#article\",\"isPartOf\":{\"@id\":\"https:\/\/www.futurefilmfestival.it\/it\/il-future-film-festival-inizia-domani-e-parte-da-modena\/\"},\"author\":{\"name\":\"Francesca Campa\",\"@id\":\"https:\/\/www.futurefilmfestival.it\/it\/#\/schema\/person\/4df0386a91e433012bc9db338855eb65\"},\"headline\":\"Il Future Film Festival inizia domani e parte da Modena\",\"datePublished\":\"2021-11-30T14:16:19+00:00\",\"dateModified\":\"2023-02-14T09:57:52+00:00\",\"mainEntityOfPage\":{\"@id\":\"https:\/\/www.futurefilmfestival.it\/it\/il-future-film-festival-inizia-domani-e-parte-da-modena\/\"},\"wordCount\":561,\"publisher\":{\"@id\":\"https:\/\/www.futurefilmfestival.it\/it\/#organization\"},\"image\":{\"@id\":\"https:\/\/www.futurefilmfestival.it\/it\/il-future-film-festival-inizia-domani-e-parte-da-modena\/#primaryimage\"},\"thumbnailUrl\":\"https:\/\/www.futurefilmfestival.it\/wp-content\/uploads\/2021\/11\/MicrosoftTeams-image-1-1.jpg\",\"articleSection\":[\"News\"],\"inLanguage\":\"it-IT\"},{\"@type\":\"WebPage\",\"@id\":\"https:\/\/www.futurefilmfestival.it\/it\/il-future-film-festival-inizia-domani-e-parte-da-modena\/\",\"url\":\"https:\/\/www.futurefilmfestival.it\/it\/il-future-film-festival-inizia-domani-e-parte-da-modena\/\",\"name\":\"Il Future Film Festival inizia domani e parte da Modena - 24FRAME Future Film Fest\",\"isPartOf\":{\"@id\":\"https:\/\/www.futurefilmfestival.it\/it\/#website\"},\"primaryImageOfPage\":{\"@id\":\"https:\/\/www.futurefilmfestival.it\/it\/il-future-film-festival-inizia-domani-e-parte-da-modena\/#primaryimage\"},\"image\":{\"@id\":\"https:\/\/www.futurefilmfestival.it\/it\/il-future-film-festival-inizia-domani-e-parte-da-modena\/#primaryimage\"},\"thumbnailUrl\":\"https:\/\/www.futurefilmfestival.it\/wp-content\/uploads\/2021\/11\/MicrosoftTeams-image-1-1.jpg\",\"datePublished\":\"2021-11-30T14:16:19+00:00\",\"dateModified\":\"2023-02-14T09:57:52+00:00\",\"breadcrumb\":{\"@id\":\"https:\/\/www.futurefilmfestival.it\/it\/il-future-film-festival-inizia-domani-e-parte-da-modena\/#breadcrumb\"},\"inLanguage\":\"it-IT\",\"potentialAction\":[{\"@type\":\"ReadAction\",\"target\":[\"https:\/\/www.futurefilmfestival.it\/it\/il-future-film-festival-inizia-domani-e-parte-da-modena\/\"]}]},{\"@type\":\"ImageObject\",\"inLanguage\":\"it-IT\",\"@id\":\"https:\/\/www.futurefilmfestival.it\/it\/il-future-film-festival-inizia-domani-e-parte-da-modena\/#primaryimage\",\"url\":\"https:\/\/www.futurefilmfestival.it\/wp-content\/uploads\/2021\/11\/MicrosoftTeams-image-1-1.jpg\",\"contentUrl\":\"https:\/\/www.futurefilmfestival.it\/wp-content\/uploads\/2021\/11\/MicrosoftTeams-image-1-1.jpg\",\"width\":586,\"height\":830,\"caption\":\"future film festival modena 1-2 dicembre\"},{\"@type\":\"BreadcrumbList\",\"@id\":\"https:\/\/www.futurefilmfestival.it\/it\/il-future-film-festival-inizia-domani-e-parte-da-modena\/#breadcrumb\",\"itemListElement\":[{\"@type\":\"ListItem\",\"position\":1,\"name\":\"Home\",\"item\":\"https:\/\/www.futurefilmfestival.it\/it\/home\/\"},{\"@type\":\"ListItem\",\"position\":2,\"name\":\"Il Future Film Festival inizia domani e parte da Modena\"}]},{\"@type\":\"WebSite\",\"@id\":\"https:\/\/www.futurefilmfestival.it\/it\/#website\",\"url\":\"https:\/\/www.futurefilmfestival.it\/it\/\",\"name\":\"24FRAME Future Film Fest\",\"description\":\"\",\"publisher\":{\"@id\":\"https:\/\/www.futurefilmfestival.it\/it\/#organization\"},\"potentialAction\":[{\"@type\":\"SearchAction\",\"target\":{\"@type\":\"EntryPoint\",\"urlTemplate\":\"https:\/\/www.futurefilmfestival.it\/it\/?s={search_term_string}\"},\"query-input\":{\"@type\":\"PropertyValueSpecification\",\"valueRequired\":true,\"valueName\":\"search_term_string\"}}],\"inLanguage\":\"it-IT\"},{\"@type\":\"Organization\",\"@id\":\"https:\/\/www.futurefilmfestival.it\/it\/#organization\",\"name\":\"24FRAME Future Film Fest\",\"url\":\"https:\/\/www.futurefilmfestival.it\/it\/\",\"logo\":{\"@type\":\"ImageObject\",\"inLanguage\":\"it-IT\",\"@id\":\"https:\/\/www.futurefilmfestival.it\/it\/#\/schema\/logo\/image\/\",\"url\":\"https:\/\/www.futurefilmfestival.it\/wp-content\/uploads\/2024\/05\/FFF2024-logo-positivo-RAPPR.jpg\",\"contentUrl\":\"https:\/\/www.futurefilmfestival.it\/wp-content\/uploads\/2024\/05\/FFF2024-logo-positivo-RAPPR.jpg\",\"width\":1200,\"height\":675,\"caption\":\"24FRAME Future Film Fest\"},\"image\":{\"@id\":\"https:\/\/www.futurefilmfestival.it\/it\/#\/schema\/logo\/image\/\"}},{\"@type\":\"Person\",\"@id\":\"https:\/\/www.futurefilmfestival.it\/it\/#\/schema\/person\/4df0386a91e433012bc9db338855eb65\",\"name\":\"Francesca Campa\",\"image\":{\"@type\":\"ImageObject\",\"inLanguage\":\"it-IT\",\"@id\":\"https:\/\/www.futurefilmfestival.it\/it\/#\/schema\/person\/image\/\",\"url\":\"https:\/\/secure.gravatar.com\/avatar\/d5221557b1437ad8d528308e3c57923c?s=96&d=mm&r=g\",\"contentUrl\":\"https:\/\/secure.gravatar.com\/avatar\/d5221557b1437ad8d528308e3c57923c?s=96&d=mm&r=g\",\"caption\":\"Francesca Campa\"}}]}<\/script>\n<!-- \/ Yoast SEO plugin. -->","yoast_head_json":{"title":"Il Future Film Festival inizia domani e parte da Modena - 24FRAME Future Film Fest","robots":{"index":"index","follow":"follow","max-snippet":"max-snippet:-1","max-image-preview":"max-image-preview:large","max-video-preview":"max-video-preview:-1"},"canonical":"https:\/\/www.futurefilmfestival.it\/it\/il-future-film-festival-inizia-domani-e-parte-da-modena\/","og_locale":"it_IT","og_type":"article","og_title":"Il Future Film Festival inizia domani e parte da Modena - 24FRAME Future Film Fest","og_description":"Mercoled\u00ec 1 dicembre 2021 \u2013 Laboratorio Aperto, Modena","og_url":"https:\/\/www.futurefilmfestival.it\/it\/il-future-film-festival-inizia-domani-e-parte-da-modena\/","og_site_name":"24FRAME Future Film Fest","article_published_time":"2021-11-30T14:16:19+00:00","article_modified_time":"2023-02-14T09:57:52+00:00","og_image":[{"width":586,"height":830,"url":"https:\/\/www.futurefilmfestival.it\/wp-content\/uploads\/2021\/11\/MicrosoftTeams-image-1-1.jpg","type":"image\/jpeg"}],"author":"Francesca Campa","twitter_card":"summary_large_image","twitter_misc":{"Scritto da":"Francesca Campa","Tempo di lettura stimato":"5 minuti"},"schema":{"@context":"https:\/\/schema.org","@graph":[{"@type":"Article","@id":"https:\/\/www.futurefilmfestival.it\/it\/il-future-film-festival-inizia-domani-e-parte-da-modena\/#article","isPartOf":{"@id":"https:\/\/www.futurefilmfestival.it\/it\/il-future-film-festival-inizia-domani-e-parte-da-modena\/"},"author":{"name":"Francesca Campa","@id":"https:\/\/www.futurefilmfestival.it\/it\/#\/schema\/person\/4df0386a91e433012bc9db338855eb65"},"headline":"Il Future Film Festival inizia domani e parte da Modena","datePublished":"2021-11-30T14:16:19+00:00","dateModified":"2023-02-14T09:57:52+00:00","mainEntityOfPage":{"@id":"https:\/\/www.futurefilmfestival.it\/it\/il-future-film-festival-inizia-domani-e-parte-da-modena\/"},"wordCount":561,"publisher":{"@id":"https:\/\/www.futurefilmfestival.it\/it\/#organization"},"image":{"@id":"https:\/\/www.futurefilmfestival.it\/it\/il-future-film-festival-inizia-domani-e-parte-da-modena\/#primaryimage"},"thumbnailUrl":"https:\/\/www.futurefilmfestival.it\/wp-content\/uploads\/2021\/11\/MicrosoftTeams-image-1-1.jpg","articleSection":["News"],"inLanguage":"it-IT"},{"@type":"WebPage","@id":"https:\/\/www.futurefilmfestival.it\/it\/il-future-film-festival-inizia-domani-e-parte-da-modena\/","url":"https:\/\/www.futurefilmfestival.it\/it\/il-future-film-festival-inizia-domani-e-parte-da-modena\/","name":"Il Future Film Festival inizia domani e parte da Modena - 24FRAME Future Film Fest","isPartOf":{"@id":"https:\/\/www.futurefilmfestival.it\/it\/#website"},"primaryImageOfPage":{"@id":"https:\/\/www.futurefilmfestival.it\/it\/il-future-film-festival-inizia-domani-e-parte-da-modena\/#primaryimage"},"image":{"@id":"https:\/\/www.futurefilmfestival.it\/it\/il-future-film-festival-inizia-domani-e-parte-da-modena\/#primaryimage"},"thumbnailUrl":"https:\/\/www.futurefilmfestival.it\/wp-content\/uploads\/2021\/11\/MicrosoftTeams-image-1-1.jpg","datePublished":"2021-11-30T14:16:19+00:00","dateModified":"2023-02-14T09:57:52+00:00","breadcrumb":{"@id":"https:\/\/www.futurefilmfestival.it\/it\/il-future-film-festival-inizia-domani-e-parte-da-modena\/#breadcrumb"},"inLanguage":"it-IT","potentialAction":[{"@type":"ReadAction","target":["https:\/\/www.futurefilmfestival.it\/it\/il-future-film-festival-inizia-domani-e-parte-da-modena\/"]}]},{"@type":"ImageObject","inLanguage":"it-IT","@id":"https:\/\/www.futurefilmfestival.it\/it\/il-future-film-festival-inizia-domani-e-parte-da-modena\/#primaryimage","url":"https:\/\/www.futurefilmfestival.it\/wp-content\/uploads\/2021\/11\/MicrosoftTeams-image-1-1.jpg","contentUrl":"https:\/\/www.futurefilmfestival.it\/wp-content\/uploads\/2021\/11\/MicrosoftTeams-image-1-1.jpg","width":586,"height":830,"caption":"future film festival modena 1-2 dicembre"},{"@type":"BreadcrumbList","@id":"https:\/\/www.futurefilmfestival.it\/it\/il-future-film-festival-inizia-domani-e-parte-da-modena\/#breadcrumb","itemListElement":[{"@type":"ListItem","position":1,"name":"Home","item":"https:\/\/www.futurefilmfestival.it\/it\/home\/"},{"@type":"ListItem","position":2,"name":"Il Future Film Festival inizia domani e parte da Modena"}]},{"@type":"WebSite","@id":"https:\/\/www.futurefilmfestival.it\/it\/#website","url":"https:\/\/www.futurefilmfestival.it\/it\/","name":"24FRAME Future Film Fest","description":"","publisher":{"@id":"https:\/\/www.futurefilmfestival.it\/it\/#organization"},"potentialAction":[{"@type":"SearchAction","target":{"@type":"EntryPoint","urlTemplate":"https:\/\/www.futurefilmfestival.it\/it\/?s={search_term_string}"},"query-input":{"@type":"PropertyValueSpecification","valueRequired":true,"valueName":"search_term_string"}}],"inLanguage":"it-IT"},{"@type":"Organization","@id":"https:\/\/www.futurefilmfestival.it\/it\/#organization","name":"24FRAME Future Film Fest","url":"https:\/\/www.futurefilmfestival.it\/it\/","logo":{"@type":"ImageObject","inLanguage":"it-IT","@id":"https:\/\/www.futurefilmfestival.it\/it\/#\/schema\/logo\/image\/","url":"https:\/\/www.futurefilmfestival.it\/wp-content\/uploads\/2024\/05\/FFF2024-logo-positivo-RAPPR.jpg","contentUrl":"https:\/\/www.futurefilmfestival.it\/wp-content\/uploads\/2024\/05\/FFF2024-logo-positivo-RAPPR.jpg","width":1200,"height":675,"caption":"24FRAME Future Film Fest"},"image":{"@id":"https:\/\/www.futurefilmfestival.it\/it\/#\/schema\/logo\/image\/"}},{"@type":"Person","@id":"https:\/\/www.futurefilmfestival.it\/it\/#\/schema\/person\/4df0386a91e433012bc9db338855eb65","name":"Francesca Campa","image":{"@type":"ImageObject","inLanguage":"it-IT","@id":"https:\/\/www.futurefilmfestival.it\/it\/#\/schema\/person\/image\/","url":"https:\/\/secure.gravatar.com\/avatar\/d5221557b1437ad8d528308e3c57923c?s=96&d=mm&r=g","contentUrl":"https:\/\/secure.gravatar.com\/avatar\/d5221557b1437ad8d528308e3c57923c?s=96&d=mm&r=g","caption":"Francesca Campa"}}]}},"_links":{"self":[{"href":"https:\/\/www.futurefilmfestival.it\/it\/wp-json\/wp\/v2\/posts\/526","targetHints":{"allow":["GET"]}}],"collection":[{"href":"https:\/\/www.futurefilmfestival.it\/it\/wp-json\/wp\/v2\/posts"}],"about":[{"href":"https:\/\/www.futurefilmfestival.it\/it\/wp-json\/wp\/v2\/types\/post"}],"author":[{"embeddable":true,"href":"https:\/\/www.futurefilmfestival.it\/it\/wp-json\/wp\/v2\/users\/3"}],"replies":[{"embeddable":true,"href":"https:\/\/www.futurefilmfestival.it\/it\/wp-json\/wp\/v2\/comments?post=526"}],"version-history":[{"count":8,"href":"https:\/\/www.futurefilmfestival.it\/it\/wp-json\/wp\/v2\/posts\/526\/revisions"}],"predecessor-version":[{"id":1588,"href":"https:\/\/www.futurefilmfestival.it\/it\/wp-json\/wp\/v2\/posts\/526\/revisions\/1588"}],"wp:featuredmedia":[{"embeddable":true,"href":"https:\/\/www.futurefilmfestival.it\/it\/wp-json\/wp\/v2\/media\/556"}],"wp:attachment":[{"href":"https:\/\/www.futurefilmfestival.it\/it\/wp-json\/wp\/v2\/media?parent=526"}],"wp:term":[{"taxonomy":"category","embeddable":true,"href":"https:\/\/www.futurefilmfestival.it\/it\/wp-json\/wp\/v2\/categories?post=526"},{"taxonomy":"post_tag","embeddable":true,"href":"https:\/\/www.futurefilmfestival.it\/it\/wp-json\/wp\/v2\/tags?post=526"}],"curies":[{"name":"wp","href":"https:\/\/api.w.org\/{rel}","templated":true}]}}