{"id":945,"date":"2021-12-11T12:14:29","date_gmt":"2021-12-11T11:14:29","guid":{"rendered":"https:\/\/www.futurefilmfestival.it\/?p=945"},"modified":"2023-02-14T10:56:25","modified_gmt":"2023-02-14T09:56:25","slug":"the-deer-king-evento-speciale","status":"publish","type":"post","link":"https:\/\/www.futurefilmfestival.it\/it\/the-deer-king-evento-speciale\/","title":{"rendered":"THE DEER KING &#8211; Evento speciale"},"content":{"rendered":"<p>The Deer King<br \/>\n(SHIKA NO \u014c: YUNA TO YAKUSOKU NO TABI)<br \/>\nDI MASASHI ANDO E MASAYUKI MIYAJI<br \/>\nGIAPPONE, 2021, 120\u2019<br \/>\nV.O. CON SOTTOTITOLI ITALIANI<\/p>\n<p><!--more--><\/p>\n<p>Stasera alle 21:00 presso la Sala Scorsese della Cineteca, il nuovo film fantasy della Production I.G., tratto dalla serie di romanzi scritti da Naohoko Uehashi e adattati dalla Kadokawa come manga, vede il character design firmato dallo stesso Ando. Van \u00e8 a capo di un gruppo di soldati pronti a morire per difendere le loro terre da un grande impero che vorrebbe assoggettarle a s\u00e9. Invece di esser ucciso, per\u00f2, Van \u00e8 catturato come schiavo. Una notte, un branco di cani attacca la miniera dove lavora Van, e subito scoppia una strana epidemia.<\/p>\n","protected":false},"excerpt":{"rendered":"<p>The Deer King (SHIKA NO \u014c: YUNA TO YAKUSOKU NO TABI) DI MASASHI ANDO E MASAYUKI MIYAJI GIAPPONE, 2021, 120\u2019 V.O. CON SOTTOTITOLI ITALIANI<\/p>\n","protected":false},"author":3,"featured_media":727,"comment_status":"closed","ping_status":"closed","sticky":false,"template":"","format":"standard","meta":{"footnotes":""},"categories":[20],"tags":[],"class_list":["post-945","post","type-post","status-publish","format-standard","has-post-thumbnail","hentry","category-news-it"],"acf":[],"yoast_head":"<!-- This site is optimized with the Yoast SEO plugin v26.3 - https:\/\/yoast.com\/wordpress\/plugins\/seo\/ -->\n<title>THE DEER KING - Evento speciale - 24FRAME Future Film Fest<\/title>\n<meta name=\"robots\" content=\"index, follow, max-snippet:-1, max-image-preview:large, max-video-preview:-1\" \/>\n<link rel=\"canonical\" href=\"https:\/\/www.futurefilmfestival.it\/it\/the-deer-king-evento-speciale\/\" \/>\n<meta property=\"og:locale\" content=\"it_IT\" \/>\n<meta property=\"og:type\" content=\"article\" \/>\n<meta property=\"og:title\" content=\"THE DEER KING - Evento speciale - 24FRAME Future Film Fest\" \/>\n<meta property=\"og:description\" content=\"The Deer King (SHIKA NO \u014c: YUNA TO YAKUSOKU NO TABI) DI MASASHI ANDO E MASAYUKI MIYAJI GIAPPONE, 2021, 120\u2019 V.O. CON SOTTOTITOLI ITALIANI\" \/>\n<meta property=\"og:url\" content=\"https:\/\/www.futurefilmfestival.it\/it\/the-deer-king-evento-speciale\/\" \/>\n<meta property=\"og:site_name\" content=\"24FRAME Future Film Fest\" \/>\n<meta property=\"article:published_time\" content=\"2021-12-11T11:14:29+00:00\" \/>\n<meta property=\"article:modified_time\" content=\"2023-02-14T09:56:25+00:00\" \/>\n<meta property=\"og:image\" content=\"https:\/\/www.futurefilmfestival.it\/wp-content\/uploads\/2021\/12\/the-deer-king-9-scaled.jpg\" \/>\n\t<meta property=\"og:image:width\" content=\"2560\" \/>\n\t<meta property=\"og:image:height\" content=\"1440\" \/>\n\t<meta property=\"og:image:type\" content=\"image\/jpeg\" \/>\n<meta name=\"author\" content=\"Francesca Campa\" \/>\n<meta name=\"twitter:card\" content=\"summary_large_image\" \/>\n<meta name=\"twitter:label1\" content=\"Scritto da\" \/>\n\t<meta name=\"twitter:data1\" content=\"Francesca Campa\" \/>\n\t<meta name=\"twitter:label2\" content=\"Tempo di lettura stimato\" \/>\n\t<meta name=\"twitter:data2\" content=\"1 minuto\" \/>\n<script type=\"application\/ld+json\" class=\"yoast-schema-graph\">{\"@context\":\"https:\/\/schema.org\",\"@graph\":[{\"@type\":\"Article\",\"@id\":\"https:\/\/www.futurefilmfestival.it\/it\/the-deer-king-evento-speciale\/#article\",\"isPartOf\":{\"@id\":\"https:\/\/www.futurefilmfestival.it\/it\/the-deer-king-evento-speciale\/\"},\"author\":{\"name\":\"Francesca Campa\",\"@id\":\"https:\/\/www.futurefilmfestival.it\/it\/#\/schema\/person\/4df0386a91e433012bc9db338855eb65\"},\"headline\":\"THE DEER KING &#8211; Evento speciale\",\"datePublished\":\"2021-12-11T11:14:29+00:00\",\"dateModified\":\"2023-02-14T09:56:25+00:00\",\"mainEntityOfPage\":{\"@id\":\"https:\/\/www.futurefilmfestival.it\/it\/the-deer-king-evento-speciale\/\"},\"wordCount\":119,\"publisher\":{\"@id\":\"https:\/\/www.futurefilmfestival.it\/it\/#organization\"},\"image\":{\"@id\":\"https:\/\/www.futurefilmfestival.it\/it\/the-deer-king-evento-speciale\/#primaryimage\"},\"thumbnailUrl\":\"https:\/\/www.futurefilmfestival.it\/wp-content\/uploads\/2021\/12\/the-deer-king-9-scaled.jpg\",\"articleSection\":[\"News\"],\"inLanguage\":\"it-IT\"},{\"@type\":\"WebPage\",\"@id\":\"https:\/\/www.futurefilmfestival.it\/it\/the-deer-king-evento-speciale\/\",\"url\":\"https:\/\/www.futurefilmfestival.it\/it\/the-deer-king-evento-speciale\/\",\"name\":\"THE DEER KING - Evento speciale - 24FRAME Future Film Fest\",\"isPartOf\":{\"@id\":\"https:\/\/www.futurefilmfestival.it\/it\/#website\"},\"primaryImageOfPage\":{\"@id\":\"https:\/\/www.futurefilmfestival.it\/it\/the-deer-king-evento-speciale\/#primaryimage\"},\"image\":{\"@id\":\"https:\/\/www.futurefilmfestival.it\/it\/the-deer-king-evento-speciale\/#primaryimage\"},\"thumbnailUrl\":\"https:\/\/www.futurefilmfestival.it\/wp-content\/uploads\/2021\/12\/the-deer-king-9-scaled.jpg\",\"datePublished\":\"2021-12-11T11:14:29+00:00\",\"dateModified\":\"2023-02-14T09:56:25+00:00\",\"breadcrumb\":{\"@id\":\"https:\/\/www.futurefilmfestival.it\/it\/the-deer-king-evento-speciale\/#breadcrumb\"},\"inLanguage\":\"it-IT\",\"potentialAction\":[{\"@type\":\"ReadAction\",\"target\":[\"https:\/\/www.futurefilmfestival.it\/it\/the-deer-king-evento-speciale\/\"]}]},{\"@type\":\"ImageObject\",\"inLanguage\":\"it-IT\",\"@id\":\"https:\/\/www.futurefilmfestival.it\/it\/the-deer-king-evento-speciale\/#primaryimage\",\"url\":\"https:\/\/www.futurefilmfestival.it\/wp-content\/uploads\/2021\/12\/the-deer-king-9-scaled.jpg\",\"contentUrl\":\"https:\/\/www.futurefilmfestival.it\/wp-content\/uploads\/2021\/12\/the-deer-king-9-scaled.jpg\",\"width\":2560,\"height\":1440,\"caption\":\"the deer king 1\"},{\"@type\":\"BreadcrumbList\",\"@id\":\"https:\/\/www.futurefilmfestival.it\/it\/the-deer-king-evento-speciale\/#breadcrumb\",\"itemListElement\":[{\"@type\":\"ListItem\",\"position\":1,\"name\":\"Home\",\"item\":\"https:\/\/www.futurefilmfestival.it\/it\/home\/\"},{\"@type\":\"ListItem\",\"position\":2,\"name\":\"THE DEER KING &#8211; Evento speciale\"}]},{\"@type\":\"WebSite\",\"@id\":\"https:\/\/www.futurefilmfestival.it\/it\/#website\",\"url\":\"https:\/\/www.futurefilmfestival.it\/it\/\",\"name\":\"24FRAME Future Film Fest\",\"description\":\"\",\"publisher\":{\"@id\":\"https:\/\/www.futurefilmfestival.it\/it\/#organization\"},\"potentialAction\":[{\"@type\":\"SearchAction\",\"target\":{\"@type\":\"EntryPoint\",\"urlTemplate\":\"https:\/\/www.futurefilmfestival.it\/it\/?s={search_term_string}\"},\"query-input\":{\"@type\":\"PropertyValueSpecification\",\"valueRequired\":true,\"valueName\":\"search_term_string\"}}],\"inLanguage\":\"it-IT\"},{\"@type\":\"Organization\",\"@id\":\"https:\/\/www.futurefilmfestival.it\/it\/#organization\",\"name\":\"24FRAME Future Film Fest\",\"url\":\"https:\/\/www.futurefilmfestival.it\/it\/\",\"logo\":{\"@type\":\"ImageObject\",\"inLanguage\":\"it-IT\",\"@id\":\"https:\/\/www.futurefilmfestival.it\/it\/#\/schema\/logo\/image\/\",\"url\":\"https:\/\/www.futurefilmfestival.it\/wp-content\/uploads\/2024\/05\/FFF2024-logo-positivo-RAPPR.jpg\",\"contentUrl\":\"https:\/\/www.futurefilmfestival.it\/wp-content\/uploads\/2024\/05\/FFF2024-logo-positivo-RAPPR.jpg\",\"width\":1200,\"height\":675,\"caption\":\"24FRAME Future Film Fest\"},\"image\":{\"@id\":\"https:\/\/www.futurefilmfestival.it\/it\/#\/schema\/logo\/image\/\"}},{\"@type\":\"Person\",\"@id\":\"https:\/\/www.futurefilmfestival.it\/it\/#\/schema\/person\/4df0386a91e433012bc9db338855eb65\",\"name\":\"Francesca Campa\",\"image\":{\"@type\":\"ImageObject\",\"inLanguage\":\"it-IT\",\"@id\":\"https:\/\/www.futurefilmfestival.it\/it\/#\/schema\/person\/image\/\",\"url\":\"https:\/\/secure.gravatar.com\/avatar\/d5221557b1437ad8d528308e3c57923c?s=96&d=mm&r=g\",\"contentUrl\":\"https:\/\/secure.gravatar.com\/avatar\/d5221557b1437ad8d528308e3c57923c?s=96&d=mm&r=g\",\"caption\":\"Francesca Campa\"}}]}<\/script>\n<!-- \/ Yoast SEO plugin. -->","yoast_head_json":{"title":"THE DEER KING - Evento speciale - 24FRAME Future Film Fest","robots":{"index":"index","follow":"follow","max-snippet":"max-snippet:-1","max-image-preview":"max-image-preview:large","max-video-preview":"max-video-preview:-1"},"canonical":"https:\/\/www.futurefilmfestival.it\/it\/the-deer-king-evento-speciale\/","og_locale":"it_IT","og_type":"article","og_title":"THE DEER KING - Evento speciale - 24FRAME Future Film Fest","og_description":"The Deer King (SHIKA NO \u014c: YUNA TO YAKUSOKU NO TABI) DI MASASHI ANDO E MASAYUKI MIYAJI GIAPPONE, 2021, 120\u2019 V.O. CON SOTTOTITOLI ITALIANI","og_url":"https:\/\/www.futurefilmfestival.it\/it\/the-deer-king-evento-speciale\/","og_site_name":"24FRAME Future Film Fest","article_published_time":"2021-12-11T11:14:29+00:00","article_modified_time":"2023-02-14T09:56:25+00:00","og_image":[{"width":2560,"height":1440,"url":"https:\/\/www.futurefilmfestival.it\/wp-content\/uploads\/2021\/12\/the-deer-king-9-scaled.jpg","type":"image\/jpeg"}],"author":"Francesca Campa","twitter_card":"summary_large_image","twitter_misc":{"Scritto da":"Francesca Campa","Tempo di lettura stimato":"1 minuto"},"schema":{"@context":"https:\/\/schema.org","@graph":[{"@type":"Article","@id":"https:\/\/www.futurefilmfestival.it\/it\/the-deer-king-evento-speciale\/#article","isPartOf":{"@id":"https:\/\/www.futurefilmfestival.it\/it\/the-deer-king-evento-speciale\/"},"author":{"name":"Francesca Campa","@id":"https:\/\/www.futurefilmfestival.it\/it\/#\/schema\/person\/4df0386a91e433012bc9db338855eb65"},"headline":"THE DEER KING &#8211; Evento speciale","datePublished":"2021-12-11T11:14:29+00:00","dateModified":"2023-02-14T09:56:25+00:00","mainEntityOfPage":{"@id":"https:\/\/www.futurefilmfestival.it\/it\/the-deer-king-evento-speciale\/"},"wordCount":119,"publisher":{"@id":"https:\/\/www.futurefilmfestival.it\/it\/#organization"},"image":{"@id":"https:\/\/www.futurefilmfestival.it\/it\/the-deer-king-evento-speciale\/#primaryimage"},"thumbnailUrl":"https:\/\/www.futurefilmfestival.it\/wp-content\/uploads\/2021\/12\/the-deer-king-9-scaled.jpg","articleSection":["News"],"inLanguage":"it-IT"},{"@type":"WebPage","@id":"https:\/\/www.futurefilmfestival.it\/it\/the-deer-king-evento-speciale\/","url":"https:\/\/www.futurefilmfestival.it\/it\/the-deer-king-evento-speciale\/","name":"THE DEER KING - Evento speciale - 24FRAME Future Film Fest","isPartOf":{"@id":"https:\/\/www.futurefilmfestival.it\/it\/#website"},"primaryImageOfPage":{"@id":"https:\/\/www.futurefilmfestival.it\/it\/the-deer-king-evento-speciale\/#primaryimage"},"image":{"@id":"https:\/\/www.futurefilmfestival.it\/it\/the-deer-king-evento-speciale\/#primaryimage"},"thumbnailUrl":"https:\/\/www.futurefilmfestival.it\/wp-content\/uploads\/2021\/12\/the-deer-king-9-scaled.jpg","datePublished":"2021-12-11T11:14:29+00:00","dateModified":"2023-02-14T09:56:25+00:00","breadcrumb":{"@id":"https:\/\/www.futurefilmfestival.it\/it\/the-deer-king-evento-speciale\/#breadcrumb"},"inLanguage":"it-IT","potentialAction":[{"@type":"ReadAction","target":["https:\/\/www.futurefilmfestival.it\/it\/the-deer-king-evento-speciale\/"]}]},{"@type":"ImageObject","inLanguage":"it-IT","@id":"https:\/\/www.futurefilmfestival.it\/it\/the-deer-king-evento-speciale\/#primaryimage","url":"https:\/\/www.futurefilmfestival.it\/wp-content\/uploads\/2021\/12\/the-deer-king-9-scaled.jpg","contentUrl":"https:\/\/www.futurefilmfestival.it\/wp-content\/uploads\/2021\/12\/the-deer-king-9-scaled.jpg","width":2560,"height":1440,"caption":"the deer king 1"},{"@type":"BreadcrumbList","@id":"https:\/\/www.futurefilmfestival.it\/it\/the-deer-king-evento-speciale\/#breadcrumb","itemListElement":[{"@type":"ListItem","position":1,"name":"Home","item":"https:\/\/www.futurefilmfestival.it\/it\/home\/"},{"@type":"ListItem","position":2,"name":"THE DEER KING &#8211; Evento speciale"}]},{"@type":"WebSite","@id":"https:\/\/www.futurefilmfestival.it\/it\/#website","url":"https:\/\/www.futurefilmfestival.it\/it\/","name":"24FRAME Future Film Fest","description":"","publisher":{"@id":"https:\/\/www.futurefilmfestival.it\/it\/#organization"},"potentialAction":[{"@type":"SearchAction","target":{"@type":"EntryPoint","urlTemplate":"https:\/\/www.futurefilmfestival.it\/it\/?s={search_term_string}"},"query-input":{"@type":"PropertyValueSpecification","valueRequired":true,"valueName":"search_term_string"}}],"inLanguage":"it-IT"},{"@type":"Organization","@id":"https:\/\/www.futurefilmfestival.it\/it\/#organization","name":"24FRAME Future Film Fest","url":"https:\/\/www.futurefilmfestival.it\/it\/","logo":{"@type":"ImageObject","inLanguage":"it-IT","@id":"https:\/\/www.futurefilmfestival.it\/it\/#\/schema\/logo\/image\/","url":"https:\/\/www.futurefilmfestival.it\/wp-content\/uploads\/2024\/05\/FFF2024-logo-positivo-RAPPR.jpg","contentUrl":"https:\/\/www.futurefilmfestival.it\/wp-content\/uploads\/2024\/05\/FFF2024-logo-positivo-RAPPR.jpg","width":1200,"height":675,"caption":"24FRAME Future Film Fest"},"image":{"@id":"https:\/\/www.futurefilmfestival.it\/it\/#\/schema\/logo\/image\/"}},{"@type":"Person","@id":"https:\/\/www.futurefilmfestival.it\/it\/#\/schema\/person\/4df0386a91e433012bc9db338855eb65","name":"Francesca Campa","image":{"@type":"ImageObject","inLanguage":"it-IT","@id":"https:\/\/www.futurefilmfestival.it\/it\/#\/schema\/person\/image\/","url":"https:\/\/secure.gravatar.com\/avatar\/d5221557b1437ad8d528308e3c57923c?s=96&d=mm&r=g","contentUrl":"https:\/\/secure.gravatar.com\/avatar\/d5221557b1437ad8d528308e3c57923c?s=96&d=mm&r=g","caption":"Francesca Campa"}}]}},"_links":{"self":[{"href":"https:\/\/www.futurefilmfestival.it\/it\/wp-json\/wp\/v2\/posts\/945","targetHints":{"allow":["GET"]}}],"collection":[{"href":"https:\/\/www.futurefilmfestival.it\/it\/wp-json\/wp\/v2\/posts"}],"about":[{"href":"https:\/\/www.futurefilmfestival.it\/it\/wp-json\/wp\/v2\/types\/post"}],"author":[{"embeddable":true,"href":"https:\/\/www.futurefilmfestival.it\/it\/wp-json\/wp\/v2\/users\/3"}],"replies":[{"embeddable":true,"href":"https:\/\/www.futurefilmfestival.it\/it\/wp-json\/wp\/v2\/comments?post=945"}],"version-history":[{"count":2,"href":"https:\/\/www.futurefilmfestival.it\/it\/wp-json\/wp\/v2\/posts\/945\/revisions"}],"predecessor-version":[{"id":983,"href":"https:\/\/www.futurefilmfestival.it\/it\/wp-json\/wp\/v2\/posts\/945\/revisions\/983"}],"wp:featuredmedia":[{"embeddable":true,"href":"https:\/\/www.futurefilmfestival.it\/it\/wp-json\/wp\/v2\/media\/727"}],"wp:attachment":[{"href":"https:\/\/www.futurefilmfestival.it\/it\/wp-json\/wp\/v2\/media?parent=945"}],"wp:term":[{"taxonomy":"category","embeddable":true,"href":"https:\/\/www.futurefilmfestival.it\/it\/wp-json\/wp\/v2\/categories?post=945"},{"taxonomy":"post_tag","embeddable":true,"href":"https:\/\/www.futurefilmfestival.it\/it\/wp-json\/wp\/v2\/tags?post=945"}],"curies":[{"name":"wp","href":"https:\/\/api.w.org\/{rel}","templated":true}]}}